{"id":1112,"date":"2013-05-01T17:33:35","date_gmt":"2013-05-01T16:33:35","guid":{"rendered":"http:\/\/jensgustafsson.se\/?p=1112"},"modified":"2013-05-01T17:33:35","modified_gmt":"2013-05-01T16:33:35","slug":"onsdag-1a-maj","status":"publish","type":"post","link":"https:\/\/jensgustafsson.se\/?p=1112","title":{"rendered":"Onsdag 1:a maj"},"content":{"rendered":"<div id=\"attachment_1109\" style=\"width: 310px\" class=\"wp-caption aligncenter\"><a href=\"http:\/\/media1.jensgustafsson.se\/2013\/04\/PICT00111.jpg\"><img loading=\"lazy\" decoding=\"async\" aria-describedby=\"caption-attachment-1109\" class=\"size-medium wp-image-1109\" alt=\"P\u00e5skliljor 20130501\" src=\"http:\/\/media1.jensgustafsson.se\/2013\/04\/PICT00111-300x225.jpg\" width=\"300\" height=\"225\" srcset=\"https:\/\/media1.jensgustafsson.se\/2013\/04\/PICT00111-300x225.jpg 300w, https:\/\/media1.jensgustafsson.se\/2013\/04\/PICT00111-1024x768.jpg 1024w, https:\/\/media1.jensgustafsson.se\/2013\/04\/PICT00111-400x300.jpg 400w, https:\/\/media1.jensgustafsson.se\/2013\/04\/PICT00111.jpg 2048w\" sizes=\"auto, (max-width: 300px) 100vw, 300px\" \/><\/a><p id=\"caption-attachment-1109\" class=\"wp-caption-text\"><\/em> <em>P\u00e5skliljor 20130501<\/em><\/p><\/div>\n<p><em>En solig och fin 1:a maj, men om man ska klaga p\u00e5 n\u00e5got s\u00e5 har vinden varit lite kylig,men det har ju inte varit s\u00e5 bl\u00e5sigt idag som ig\u00e5r. V\u00e4derdata\u00a0ett dygn tillbaka ser ut s\u00e5h\u00e4r d\u00e5:<\/em><\/p>\n<table width=\"324\" border=\"0\" cellspacing=\"0\" cellpadding=\"0\">\n<colgroup>\n<col width=\"191\" \/>\n<col width=\"69\" \/>\n<col width=\"64\" \/><\/colgroup>\n<tbody>\n<tr>\n<td width=\"191\" height=\"19\"><em>20130501 \u00a0 kl.<\/em><\/td>\n<td width=\"69\"><em>18.15<\/em><\/td>\n<td width=\"64\"><em>\u00a0<\/em><\/td>\n<\/tr>\n<tr>\n<td height=\"19\"><em>Aktuell temp:<\/em><\/td>\n<td><em>16<\/em><\/td>\n<td><em>\u00b0C,<\/em><\/td>\n<\/tr>\n<tr>\n<td height=\"19\"><em>Mintemp:<\/em><\/td>\n<td><em>1,9<\/em><\/td>\n<td><em>\u00b0C,<\/em><\/td>\n<\/tr>\n<tr>\n<td height=\"19\"><em>Maxtemp:<\/em><\/td>\n<td><em>16,4<\/em><\/td>\n<td><em>\u00b0C,<\/em><\/td>\n<\/tr>\n<tr>\n<td height=\"19\"><em>Temp. i vinden<\/em><\/td>\n<td><em>13,2<\/em><\/td>\n<td><em>\u00b0C,<\/em><\/td>\n<\/tr>\n<tr>\n<td height=\"19\"><em>Mintemp i vinden<\/em><\/td>\n<td><em>-1,6<\/em><\/td>\n<td><em>\u00b0C,<\/em><\/td>\n<\/tr>\n<tr>\n<td height=\"19\"><em>Luftfuktigh:<\/em><\/td>\n<td><em>34<\/em><\/td>\n<td><em>%.<\/em><\/td>\n<\/tr>\n<tr>\n<td height=\"19\"><em>Min.<\/em><\/td>\n<td><em>33<\/em><\/td>\n<td><em>%.<\/em><\/td>\n<\/tr>\n<tr>\n<td height=\"19\"><em>Max.<\/em><\/td>\n<td><em>83<\/em><\/td>\n<td><em>%.<\/em><\/td>\n<\/tr>\n<tr>\n<td height=\"20\"><em>Lufttryck:<\/em><\/td>\n<td><em>1020,6<\/em><\/td>\n<td><em>hPa<\/em><\/td>\n<\/tr>\n<tr>\n<td height=\"20\"><em>Min.<\/em><\/td>\n<td><em>1014,9<\/em><\/td>\n<td><em>hPa<\/em><\/td>\n<\/tr>\n<tr>\n<td height=\"20\"><em>Max.<\/em><\/td>\n<td><em>1023,8<\/em><\/td>\n<td><em>hPa<\/em><\/td>\n<\/tr>\n<tr>\n<td height=\"20\"><em>Vindriktning:<\/em><\/td>\n<td colspan=\"2\"><em>Sydv\u00e4stlig.<\/em><\/td>\n<\/tr>\n<tr>\n<td height=\"20\"><em>Vindhast.<\/em><\/td>\n<td><em>2<\/em><\/td>\n<td><em>m\/s.<\/em><\/td>\n<\/tr>\n<tr>\n<td height=\"19\"><em>Maxvind:<\/em><\/td>\n<td><em>10<\/em><\/td>\n<td><em>m\/s.<\/em><\/td>\n<\/tr>\n<tr>\n<td height=\"19\"><em>Nederb\u00f6rd:<\/em><\/td>\n<td><em>0<\/em><\/td>\n<td><em>mm<\/em><\/td>\n<\/tr>\n<\/tbody>\n<\/table>\n<p>&nbsp;<\/p>\n","protected":false},"excerpt":{"rendered":"<p>En solig och fin 1:a maj, men om man ska klaga p\u00e5 n\u00e5got s\u00e5 har vinden varit lite kylig,men det har ju inte varit s\u00e5 bl\u00e5sigt idag som ig\u00e5r. V\u00e4derdata\u00a0ett dygn tillbaka ser ut s\u00e5h\u00e4r d\u00e5: 20130501 \u00a0 kl. 18.15 &hellip; <a href=\"https:\/\/jensgustafsson.se\/?p=1112\">Forts\u00e4tt l\u00e4sa <span class=\"meta-nav\">&rarr;<\/span><\/a><\/p>\n","protected":false},"author":1,"featured_media":0,"comment_status":"open","ping_status":"open","sticky":false,"template":"","format":"standard","meta":{"footnotes":""},"categories":[10],"tags":[],"class_list":["post-1112","post","type-post","status-publish","format-standard","hentry","category-vaderdagbok-2013"],"_links":{"self":[{"href":"https:\/\/jensgustafsson.se\/index.php?rest_route=\/wp\/v2\/posts\/1112","targetHints":{"allow":["GET"]}}],"collection":[{"href":"https:\/\/jensgustafsson.se\/index.php?rest_route=\/wp\/v2\/posts"}],"about":[{"href":"https:\/\/jensgustafsson.se\/index.php?rest_route=\/wp\/v2\/types\/post"}],"author":[{"embeddable":true,"href":"https:\/\/jensgustafsson.se\/index.php?rest_route=\/wp\/v2\/users\/1"}],"replies":[{"embeddable":true,"href":"https:\/\/jensgustafsson.se\/index.php?rest_route=%2Fwp%2Fv2%2Fcomments&post=1112"}],"version-history":[{"count":1,"href":"https:\/\/jensgustafsson.se\/index.php?rest_route=\/wp\/v2\/posts\/1112\/revisions"}],"predecessor-version":[{"id":1113,"href":"https:\/\/jensgustafsson.se\/index.php?rest_route=\/wp\/v2\/posts\/1112\/revisions\/1113"}],"wp:attachment":[{"href":"https:\/\/jensgustafsson.se\/index.php?rest_route=%2Fwp%2Fv2%2Fmedia&parent=1112"}],"wp:term":[{"taxonomy":"category","embeddable":true,"href":"https:\/\/jensgustafsson.se\/index.php?rest_route=%2Fwp%2Fv2%2Fcategories&post=1112"},{"taxonomy":"post_tag","embeddable":true,"href":"https:\/\/jensgustafsson.se\/index.php?rest_route=%2Fwp%2Fv2%2Ftags&post=1112"}],"curies":[{"name":"wp","href":"https:\/\/api.w.org\/{rel}","templated":true}]}}