{"id":1186,"date":"2013-05-11T19:30:21","date_gmt":"2013-05-11T18:30:21","guid":{"rendered":"http:\/\/jensgustafsson.se\/?p=1186"},"modified":"2013-05-14T17:44:18","modified_gmt":"2013-05-14T16:44:18","slug":"lordag-11e-maj","status":"publish","type":"post","link":"https:\/\/jensgustafsson.se\/?p=1186","title":{"rendered":"L\u00f6rdag 11:e maj"},"content":{"rendered":"<div id=\"attachment_1181\" style=\"width: 310px\" class=\"wp-caption aligncenter\"><a href=\"http:\/\/media1.jensgustafsson.se\/2012\/12\/IMG_1990.jpg\"><img loading=\"lazy\" decoding=\"async\" aria-describedby=\"caption-attachment-1181\" class=\"size-medium wp-image-1181\" alt=\"I Nye 20130511\" src=\"http:\/\/media1.jensgustafsson.se\/2012\/12\/IMG_1990-300x225.jpg\" width=\"300\" height=\"225\" srcset=\"https:\/\/media1.jensgustafsson.se\/2012\/12\/IMG_1990-300x225.jpg 300w, https:\/\/media1.jensgustafsson.se\/2012\/12\/IMG_1990-400x300.jpg 400w, https:\/\/media1.jensgustafsson.se\/2012\/12\/IMG_1990.jpg 640w\" sizes=\"auto, (max-width: 300px) 100vw, 300px\" \/><\/a><p id=\"caption-attachment-1181\" class=\"wp-caption-text\"><em>I Nye 20130511<\/em><\/p><\/div>\n<p><em>Vi gjorde en liten utflykt runt Virserum-Nye-Vetlanda idag f\u00f6r att ta lite foto och se oss omkring som vi brukar g\u00f6ra varje \u00e5rstid i dessa trakter f\u00f6r att f\u00f6lja skiftningarna i det vackra landskapet d\u00e4r omkring. Dagen har bjudit p\u00e5 v\u00e4xlande molnighet och uppeh\u00e5llsv\u00e4der, men inte riktigt s\u00e5 varmt som ig\u00e5r, men man f\u00e5r inte klaga, vi har suttit ute och grillat och m\u00e5tt gott ikv\u00e4ll. <\/em><\/p>\n<table width=\"324\" border=\"0\" cellspacing=\"0\" cellpadding=\"0\">\n<colgroup>\n<col width=\"191\" \/>\n<col width=\"69\" \/>\n<col width=\"64\" \/><\/colgroup>\n<tbody>\n<tr>\n<td width=\"191\" height=\"19\"><em>20130511 \u00a0 kl.<\/em><\/td>\n<td width=\"69\"><em>20.15<\/em><\/td>\n<td width=\"64\"><em>\u00a0<\/em><\/td>\n<\/tr>\n<tr>\n<td height=\"19\"><em>Aktuell temp:<\/em><\/td>\n<td><em>15,8<\/em><\/td>\n<td><em>\u00b0C<\/em><\/td>\n<\/tr>\n<tr>\n<td height=\"19\"><em>Mintemp:<\/em><\/td>\n<td><em>6,1<\/em><\/td>\n<td><em>\u00b0C<\/em><\/td>\n<\/tr>\n<tr>\n<td height=\"19\"><em>Maxtemp:<\/em><\/td>\n<td><em>19,2<\/em><\/td>\n<td><em>\u00b0C<\/em><\/td>\n<\/tr>\n<tr>\n<td height=\"19\"><em>Temp. i vinden<\/em><\/td>\n<td><em>15,8<\/em><\/td>\n<td><em>\u00b0C<\/em><\/td>\n<\/tr>\n<tr>\n<td height=\"19\"><em>Mintemp i vinden<\/em><\/td>\n<td><em>3<\/em><\/td>\n<td><em>\u00b0C<\/em><\/td>\n<\/tr>\n<tr>\n<td height=\"19\"><em>Luftfuktigh:<\/em><\/td>\n<td><em>59<\/em><\/td>\n<td><em>%<\/em><\/td>\n<\/tr>\n<tr>\n<td height=\"19\"><em>Min.<\/em><\/td>\n<td><em>47<\/em><\/td>\n<td><em>%<\/em><\/td>\n<\/tr>\n<tr>\n<td height=\"19\"><em>Max.<\/em><\/td>\n<td><em>84<\/em><\/td>\n<td><em>%<\/em><\/td>\n<\/tr>\n<tr>\n<td height=\"20\"><em>Lufttryck:<\/em><\/td>\n<td><em>1010,4<\/em><\/td>\n<td><em>hPa<\/em><\/td>\n<\/tr>\n<tr>\n<td height=\"20\"><em>Min.<\/em><\/td>\n<td><em>1008,3<\/em><\/td>\n<td><em>hPa<\/em><\/td>\n<\/tr>\n<tr>\n<td height=\"20\"><em>Max.<\/em><\/td>\n<td><em>1012,4<\/em><\/td>\n<td><em>hPa<\/em><\/td>\n<\/tr>\n<tr>\n<td height=\"20\"><em>Vindriktning:<\/em><\/td>\n<td colspan=\"2\"><em>Syd-sydv\u00e4stlig.<\/em><\/td>\n<\/tr>\n<tr>\n<td height=\"19\"><em>Vindhast.<\/em><\/td>\n<td><em>1<\/em><\/td>\n<td><em>m\/s<\/em><\/td>\n<\/tr>\n<tr>\n<td height=\"19\"><em>Maxvind:<\/em><\/td>\n<td><em>6<\/em><\/td>\n<td><em>m\/s<\/em><\/td>\n<\/tr>\n<tr>\n<td height=\"19\"><em>Nederb\u00f6rd:<\/em><\/td>\n<td><em>0<\/em><\/td>\n<td><em>mm<\/em><\/td>\n<\/tr>\n<\/tbody>\n<\/table>\n","protected":false},"excerpt":{"rendered":"<p>Vi gjorde en liten utflykt runt Virserum-Nye-Vetlanda idag f\u00f6r att ta lite foto och se oss omkring som vi brukar g\u00f6ra varje \u00e5rstid i dessa trakter f\u00f6r att f\u00f6lja skiftningarna i det vackra landskapet d\u00e4r omkring. Dagen har bjudit p\u00e5 &hellip; <a href=\"https:\/\/jensgustafsson.se\/?p=1186\">Forts\u00e4tt l\u00e4sa <span class=\"meta-nav\">&rarr;<\/span><\/a><\/p>\n","protected":false},"author":1,"featured_media":0,"comment_status":"open","ping_status":"open","sticky":false,"template":"","format":"standard","meta":{"footnotes":""},"categories":[10],"tags":[],"class_list":["post-1186","post","type-post","status-publish","format-standard","hentry","category-vaderdagbok-2013"],"_links":{"self":[{"href":"https:\/\/jensgustafsson.se\/index.php?rest_route=\/wp\/v2\/posts\/1186","targetHints":{"allow":["GET"]}}],"collection":[{"href":"https:\/\/jensgustafsson.se\/index.php?rest_route=\/wp\/v2\/posts"}],"about":[{"href":"https:\/\/jensgustafsson.se\/index.php?rest_route=\/wp\/v2\/types\/post"}],"author":[{"embeddable":true,"href":"https:\/\/jensgustafsson.se\/index.php?rest_route=\/wp\/v2\/users\/1"}],"replies":[{"embeddable":true,"href":"https:\/\/jensgustafsson.se\/index.php?rest_route=%2Fwp%2Fv2%2Fcomments&post=1186"}],"version-history":[{"count":2,"href":"https:\/\/jensgustafsson.se\/index.php?rest_route=\/wp\/v2\/posts\/1186\/revisions"}],"predecessor-version":[{"id":1201,"href":"https:\/\/jensgustafsson.se\/index.php?rest_route=\/wp\/v2\/posts\/1186\/revisions\/1201"}],"wp:attachment":[{"href":"https:\/\/jensgustafsson.se\/index.php?rest_route=%2Fwp%2Fv2%2Fmedia&parent=1186"}],"wp:term":[{"taxonomy":"category","embeddable":true,"href":"https:\/\/jensgustafsson.se\/index.php?rest_route=%2Fwp%2Fv2%2Fcategories&post=1186"},{"taxonomy":"post_tag","embeddable":true,"href":"https:\/\/jensgustafsson.se\/index.php?rest_route=%2Fwp%2Fv2%2Ftags&post=1186"}],"curies":[{"name":"wp","href":"https:\/\/api.w.org\/{rel}","templated":true}]}}