{"id":12438,"date":"2019-04-22T18:00:26","date_gmt":"2019-04-22T17:00:26","guid":{"rendered":"http:\/\/jensgustafsson.se\/?p=12438"},"modified":"2019-04-22T18:00:26","modified_gmt":"2019-04-22T17:00:26","slug":"mandag-annandag-pask-22-april-2019","status":"publish","type":"post","link":"https:\/\/jensgustafsson.se\/?p=12438","title":{"rendered":"M\u00e5ndag (Annandag P\u00e5sk) 22 april 2019."},"content":{"rendered":"\n<p class=\"has-text-color has-medium-font-size has-blue-color\">\u00c4nnu en dag med sol fr\u00e5n molnfri himmel. Det har ju varit en fantastisk fin p\u00e5skhelg, med varma dagar och kyliga n\u00e4tter. Varmast hade vi p\u00e5 p\u00e5skafton, sedan har det dalat lite grann de senaste tv\u00e5 dagarna, och vinden har varit lite svalare ocks\u00e5. Jag gjorde ett temperaturdiagram \u00f6ver p\u00e5skhelgen, som omfattar fr.o.m. l\u00e5ngfredagen t.o.m. idag, f\u00f6r att g\u00f6ra en sammanfattning av den varma och soliga helgen vi haft.<\/p>\n\n\n\n<figure class=\"wp-block-image\"><img loading=\"lazy\" decoding=\"async\" width=\"739\" height=\"425\" src=\"http:\/\/media1.jensgustafsson.se\/2019\/04\/image-11.png\" alt=\"\" class=\"wp-image-12440\" srcset=\"https:\/\/media1.jensgustafsson.se\/2019\/04\/image-11.png 739w, https:\/\/media1.jensgustafsson.se\/2019\/04\/image-11-300x173.png 300w, https:\/\/media1.jensgustafsson.se\/2019\/04\/image-11-500x288.png 500w\" sizes=\"auto, (max-width: 739px) 100vw, 739px\" \/><\/figure>\n\n\n\n<figure class=\"wp-block-image\"><img loading=\"lazy\" decoding=\"async\" width=\"600\" height=\"300\" src=\"http:\/\/media1.jensgustafsson.se\/2019\/04\/20190422.png\" alt=\"\" class=\"wp-image-12441\" srcset=\"https:\/\/media1.jensgustafsson.se\/2019\/04\/20190422.png 600w, https:\/\/media1.jensgustafsson.se\/2019\/04\/20190422-300x150.png 300w, https:\/\/media1.jensgustafsson.se\/2019\/04\/20190422-500x250.png 500w\" sizes=\"auto, (max-width: 600px) 100vw, 600px\" \/><figcaption><strong><em>Senaste dygnets temperaturkurva.<\/em><\/strong><br \/><br \/><\/figcaption><\/figure>\n\n\n\n<figure class=\"wp-block-image\"><img loading=\"lazy\" decoding=\"async\" width=\"1024\" height=\"681\" src=\"http:\/\/media1.jensgustafsson.se\/2019\/04\/P1140511-1024x681.jpg\" alt=\"\" class=\"wp-image-12443\" srcset=\"https:\/\/media1.jensgustafsson.se\/2019\/04\/P1140511-1024x681.jpg 1024w, https:\/\/media1.jensgustafsson.se\/2019\/04\/P1140511-300x200.jpg 300w, https:\/\/media1.jensgustafsson.se\/2019\/04\/P1140511-768x511.jpg 768w, https:\/\/media1.jensgustafsson.se\/2019\/04\/P1140511-451x300.jpg 451w\" sizes=\"auto, (max-width: 1024px) 100vw, 1024px\" \/><figcaption><strong><em>P\u00e5 morgonen idag vid Tr\u00e4nsj\u00f6n.<\/em><\/strong><\/figcaption><\/figure>\n\n\n\n<figure class=\"wp-block-image\"><img loading=\"lazy\" decoding=\"async\" width=\"1024\" height=\"683\" src=\"http:\/\/media1.jensgustafsson.se\/2019\/04\/DSC_1015-1024x683.jpg\" alt=\"\" class=\"wp-image-12444\" srcset=\"https:\/\/media1.jensgustafsson.se\/2019\/04\/DSC_1015-1024x683.jpg 1024w, https:\/\/media1.jensgustafsson.se\/2019\/04\/DSC_1015-300x200.jpg 300w, https:\/\/media1.jensgustafsson.se\/2019\/04\/DSC_1015-768x512.jpg 768w, https:\/\/media1.jensgustafsson.se\/2019\/04\/DSC_1015-450x300.jpg 450w\" sizes=\"auto, (max-width: 1024px) 100vw, 1024px\" \/><figcaption><strong><em>Bj\u00f6rkl\u00f6vet p\u00e5 g\u00e5ng.<\/em><\/strong><\/figcaption><\/figure>\n\n\n\n<p class=\"has-text-color has-medium-font-size has-blue-color\">Loggade v\u00e4derdata fr\u00e5n 20190424 kl.19.30 till 20190422 kl.19.00:<\/p>\n\n\n\n<p class=\"has-text-color has-medium-font-size has-blue-color\">Min. temp:    0,1 \u00b0C<br \/>\nMax. temp:    17,2    \u00b0C<br \/>\nMin. lufttryck:    958,8   hPa<br \/>\nMax. lufttryck:    962,8   hPa<br \/>\nDomin. vindriktn.:    Sydostlig.  <br \/>\nMaxvind:    6   m\/s.<br \/>\nNederb\u00f6rd:    0   mm<\/p>\n","protected":false},"excerpt":{"rendered":"<p>\u00c4nnu en dag med sol fr\u00e5n molnfri himmel. Det har ju varit en fantastisk fin p\u00e5skhelg, med varma dagar och kyliga n\u00e4tter. Varmast hade vi p\u00e5 p\u00e5skafton, sedan har det dalat lite grann de senaste tv\u00e5 dagarna, och vinden har &hellip; <a href=\"https:\/\/jensgustafsson.se\/?p=12438\">Forts\u00e4tt l\u00e4sa <span class=\"meta-nav\">&rarr;<\/span><\/a><\/p>\n","protected":false},"author":1,"featured_media":0,"comment_status":"open","ping_status":"closed","sticky":false,"template":"","format":"standard","meta":{"footnotes":""},"categories":[10],"tags":[],"class_list":["post-12438","post","type-post","status-publish","format-standard","hentry","category-vaderdagbok-2013"],"_links":{"self":[{"href":"https:\/\/jensgustafsson.se\/index.php?rest_route=\/wp\/v2\/posts\/12438","targetHints":{"allow":["GET"]}}],"collection":[{"href":"https:\/\/jensgustafsson.se\/index.php?rest_route=\/wp\/v2\/posts"}],"about":[{"href":"https:\/\/jensgustafsson.se\/index.php?rest_route=\/wp\/v2\/types\/post"}],"author":[{"embeddable":true,"href":"https:\/\/jensgustafsson.se\/index.php?rest_route=\/wp\/v2\/users\/1"}],"replies":[{"embeddable":true,"href":"https:\/\/jensgustafsson.se\/index.php?rest_route=%2Fwp%2Fv2%2Fcomments&post=12438"}],"version-history":[{"count":2,"href":"https:\/\/jensgustafsson.se\/index.php?rest_route=\/wp\/v2\/posts\/12438\/revisions"}],"predecessor-version":[{"id":12445,"href":"https:\/\/jensgustafsson.se\/index.php?rest_route=\/wp\/v2\/posts\/12438\/revisions\/12445"}],"wp:attachment":[{"href":"https:\/\/jensgustafsson.se\/index.php?rest_route=%2Fwp%2Fv2%2Fmedia&parent=12438"}],"wp:term":[{"taxonomy":"category","embeddable":true,"href":"https:\/\/jensgustafsson.se\/index.php?rest_route=%2Fwp%2Fv2%2Fcategories&post=12438"},{"taxonomy":"post_tag","embeddable":true,"href":"https:\/\/jensgustafsson.se\/index.php?rest_route=%2Fwp%2Fv2%2Ftags&post=12438"}],"curies":[{"name":"wp","href":"https:\/\/api.w.org\/{rel}","templated":true}]}}