{"id":1256,"date":"2013-05-26T18:48:27","date_gmt":"2013-05-26T17:48:27","guid":{"rendered":"http:\/\/jensgustafsson.se\/?p=1256"},"modified":"2013-05-26T18:48:28","modified_gmt":"2013-05-26T17:48:28","slug":"sondag-26e-maj","status":"publish","type":"post","link":"https:\/\/jensgustafsson.se\/?p=1256","title":{"rendered":"S\u00f6ndag 26:e maj."},"content":{"rendered":"<div id=\"attachment_1257\" style=\"width: 310px\" class=\"wp-caption aligncenter\"><a href=\"http:\/\/media1.jensgustafsson.se\/2013\/05\/IMG_2053.jpg\"><img loading=\"lazy\" decoding=\"async\" aria-describedby=\"caption-attachment-1257\" class=\"size-medium wp-image-1257\" alt=\"\" src=\"http:\/\/media1.jensgustafsson.se\/2013\/05\/IMG_2053-300x225.jpg\" width=\"300\" height=\"225\" srcset=\"https:\/\/media1.jensgustafsson.se\/2013\/05\/IMG_2053-300x225.jpg 300w, https:\/\/media1.jensgustafsson.se\/2013\/05\/IMG_2053-400x300.jpg 400w, https:\/\/media1.jensgustafsson.se\/2013\/05\/IMG_2053.jpg 640w\" sizes=\"auto, (max-width: 300px) 100vw, 300px\" \/><\/a><p id=\"caption-attachment-1257\" class=\"wp-caption-text\"><\/em> <em>\u00d6vrasj\u00f6n p\u00e5 morgonen 20130526<\/em><\/p><\/div>\n<p><em>P\u00e5 morgonen var det klar himmel n\u00e4r jag gick ut p\u00e5 min promenad vid 5.30-tiden, men molnigheten \u00f6kade snabbt fr\u00e5n s\u00f6der, och fr\u00e5n lunchtid har det regnat\u00a0 mer eller mindre, men just nu \u00e4r det uppeh\u00e5ll. Det \u00e4r ju ocks\u00e5 v\u00e4ldigt kyligt f\u00f6r \u00e5rstiden, men ska man nu se positivt p\u00e5 detta, s\u00e5 h\u00e5ller det ju tillbaka v\u00e5rens-f\u00f6rsommarens framfart lite grann, f\u00f6r det har ju explodrat med blommor och gr\u00f6nskan under de varma dagarna vi haft.<\/em><\/p>\n<table width=\"324\" border=\"0\" cellspacing=\"0\" cellpadding=\"0\">\n<colgroup>\n<col width=\"191\" \/>\n<col width=\"69\" \/>\n<col width=\"64\" \/><\/colgroup>\n<tbody>\n<tr>\n<td width=\"191\" height=\"19\"><em>20130526 \u00a0 kl.<\/em><\/td>\n<td width=\"69\"><em>19.30<\/em><\/td>\n<td width=\"64\"><em>\u00a0<\/em><\/td>\n<\/tr>\n<tr>\n<td height=\"19\"><em>Aktuell temp:<\/em><\/td>\n<td><em>10,6<\/em><\/td>\n<td><em>\u00b0C<\/em><\/td>\n<\/tr>\n<tr>\n<td height=\"19\"><em>Mintemp:<\/em><\/td>\n<td><em>10,6<\/em><\/td>\n<td><em>\u00b0C<\/em><\/td>\n<\/tr>\n<tr>\n<td height=\"19\"><em>Maxtemp:<\/em><\/td>\n<td><em>16,6<\/em><\/td>\n<td><em>\u00b0C<\/em><\/td>\n<\/tr>\n<tr>\n<td height=\"19\"><em>Temp. i vinden<\/em><\/td>\n<td><em>10,6<\/em><\/td>\n<td><em>\u00b0C<\/em><\/td>\n<\/tr>\n<tr>\n<td height=\"19\"><em>Mintemp i vinden<\/em><\/td>\n<td><em>5,8<\/em><\/td>\n<td><em>\u00b0C<\/em><\/td>\n<\/tr>\n<tr>\n<td height=\"19\"><em>Luftfuktigh:<\/em><\/td>\n<td><em>90<\/em><\/td>\n<td><em>%<\/em><\/td>\n<\/tr>\n<tr>\n<td height=\"19\"><em>Min.<\/em><\/td>\n<td><em>61<\/em><\/td>\n<td><em>%<\/em><\/td>\n<\/tr>\n<tr>\n<td height=\"19\"><em>Max.<\/em><\/td>\n<td><em>90<\/em><\/td>\n<td><em>%<\/em><\/td>\n<\/tr>\n<tr>\n<td height=\"20\"><em>Lufttryck:<\/em><\/td>\n<td><em>1005,3<\/em><\/td>\n<td><em>hPa<\/em><\/td>\n<\/tr>\n<tr>\n<td height=\"20\"><em>Min.<\/em><\/td>\n<td><em>1003,3<\/em><\/td>\n<td><em>hPa<\/em><\/td>\n<\/tr>\n<tr>\n<td height=\"20\"><em>Max.<\/em><\/td>\n<td><em>1007,5<\/em><\/td>\n<td><em>hPa<\/em><\/td>\n<\/tr>\n<tr>\n<td height=\"20\"><em>Vindriktning:<\/em><\/td>\n<td colspan=\"2\"><em>Sydostlig.<\/em><\/td>\n<\/tr>\n<tr>\n<td height=\"19\"><em>Vindhast.<\/em><\/td>\n<td><em>0,5<\/em><\/td>\n<td><em>m\/s<\/em><\/td>\n<\/tr>\n<tr>\n<td height=\"19\"><em>Maxvind:<\/em><\/td>\n<td><em>8<\/em><\/td>\n<td><em>m\/s<\/em><\/td>\n<\/tr>\n<tr>\n<td height=\"19\"><em>Nederb\u00f6rd:<\/em><\/td>\n<td><em>8,8<\/em><\/td>\n<td><em>mm<\/em><\/td>\n<\/tr>\n<\/tbody>\n<\/table>\n<p>&nbsp;<\/p>\n","protected":false},"excerpt":{"rendered":"<p>P\u00e5 morgonen var det klar himmel n\u00e4r jag gick ut p\u00e5 min promenad vid 5.30-tiden, men molnigheten \u00f6kade snabbt fr\u00e5n s\u00f6der, och fr\u00e5n lunchtid har det regnat\u00a0 mer eller mindre, men just nu \u00e4r det uppeh\u00e5ll. Det \u00e4r ju ocks\u00e5 &hellip; <a href=\"https:\/\/jensgustafsson.se\/?p=1256\">Forts\u00e4tt l\u00e4sa <span class=\"meta-nav\">&rarr;<\/span><\/a><\/p>\n","protected":false},"author":1,"featured_media":0,"comment_status":"open","ping_status":"open","sticky":false,"template":"","format":"standard","meta":{"footnotes":""},"categories":[10],"tags":[],"class_list":["post-1256","post","type-post","status-publish","format-standard","hentry","category-vaderdagbok-2013"],"_links":{"self":[{"href":"https:\/\/jensgustafsson.se\/index.php?rest_route=\/wp\/v2\/posts\/1256","targetHints":{"allow":["GET"]}}],"collection":[{"href":"https:\/\/jensgustafsson.se\/index.php?rest_route=\/wp\/v2\/posts"}],"about":[{"href":"https:\/\/jensgustafsson.se\/index.php?rest_route=\/wp\/v2\/types\/post"}],"author":[{"embeddable":true,"href":"https:\/\/jensgustafsson.se\/index.php?rest_route=\/wp\/v2\/users\/1"}],"replies":[{"embeddable":true,"href":"https:\/\/jensgustafsson.se\/index.php?rest_route=%2Fwp%2Fv2%2Fcomments&post=1256"}],"version-history":[{"count":2,"href":"https:\/\/jensgustafsson.se\/index.php?rest_route=\/wp\/v2\/posts\/1256\/revisions"}],"predecessor-version":[{"id":1259,"href":"https:\/\/jensgustafsson.se\/index.php?rest_route=\/wp\/v2\/posts\/1256\/revisions\/1259"}],"wp:attachment":[{"href":"https:\/\/jensgustafsson.se\/index.php?rest_route=%2Fwp%2Fv2%2Fmedia&parent=1256"}],"wp:term":[{"taxonomy":"category","embeddable":true,"href":"https:\/\/jensgustafsson.se\/index.php?rest_route=%2Fwp%2Fv2%2Fcategories&post=1256"},{"taxonomy":"post_tag","embeddable":true,"href":"https:\/\/jensgustafsson.se\/index.php?rest_route=%2Fwp%2Fv2%2Ftags&post=1256"}],"curies":[{"name":"wp","href":"https:\/\/api.w.org\/{rel}","templated":true}]}}