{"id":12751,"date":"2019-06-07T18:24:18","date_gmt":"2019-06-07T17:24:18","guid":{"rendered":"http:\/\/jensgustafsson.se\/?p=12751"},"modified":"2019-06-07T18:24:18","modified_gmt":"2019-06-07T17:24:18","slug":"fredag-7-juni-2019","status":"publish","type":"post","link":"https:\/\/jensgustafsson.se\/?p=12751","title":{"rendered":"Fredag 7 juni 2019."},"content":{"rendered":"\n<p class=\"has-text-color has-medium-font-size has-blue-color\">Tidigt p\u00e5 morgonen var det n\u00e4stan molnfritt, men efter soluppg\u00e5ngen s\u00e5 kom det dimmoln, som l\u00e5g kvar en bit in p\u00e5 f\u00f6rmiddagen. D\u00e4refter luckrades molnen upp, och solen lyste med full kraft, och temperaturen steg snabbt. Fram mot lunchtid d\u00f6k stackmolnen upp, de blev allt m\u00f6rkare och \u00e5skan b\u00f6rjade p\u00e5, inte n\u00e4ra F\u00e5gelfors, men runtomkring. Vi fick ocks\u00e5 n\u00e5gra stora regnst\u00e4nk, inte m\u00e4tbara, men man kunde k\u00e4nna &#8221;doften&#8221; av regn iallafall. Maxtemperaturen hamnade \u00e4ven idag strax under 30\u00b0-strecket, n\u00e4rmare best\u00e4mt 29,6\u00b0. Vinden m\u00e5ttlig omkring syd idag.<\/p>\n\n\n\n<figure class=\"wp-block-image\"><img loading=\"lazy\" decoding=\"async\" width=\"600\" height=\"300\" src=\"http:\/\/media1.jensgustafsson.se\/2019\/06\/20190607.png\" alt=\"\" class=\"wp-image-12752\" srcset=\"https:\/\/media1.jensgustafsson.se\/2019\/06\/20190607.png 600w, https:\/\/media1.jensgustafsson.se\/2019\/06\/20190607-300x150.png 300w, https:\/\/media1.jensgustafsson.se\/2019\/06\/20190607-500x250.png 500w\" sizes=\"auto, (max-width: 600px) 100vw, 600px\" \/><\/figure>\n\n\n\n<figure class=\"wp-block-image\"><img loading=\"lazy\" decoding=\"async\" width=\"1024\" height=\"683\" src=\"http:\/\/media1.jensgustafsson.se\/2019\/06\/DSC_2714-1024x683.jpg\" alt=\"\" class=\"wp-image-12754\" srcset=\"https:\/\/media1.jensgustafsson.se\/2019\/06\/DSC_2714-1024x683.jpg 1024w, https:\/\/media1.jensgustafsson.se\/2019\/06\/DSC_2714-300x200.jpg 300w, https:\/\/media1.jensgustafsson.se\/2019\/06\/DSC_2714-768x512.jpg 768w, https:\/\/media1.jensgustafsson.se\/2019\/06\/DSC_2714-450x300.jpg 450w\" sizes=\"auto, (max-width: 1024px) 100vw, 1024px\" \/><figcaption><strong><em>Byv\u00e4gen i Lilla Klobo p\u00e5 morgonen idag.<\/em><\/strong><\/figcaption><\/figure>\n\n\n\n<figure class=\"wp-block-image\"><img loading=\"lazy\" decoding=\"async\" width=\"1024\" height=\"683\" src=\"http:\/\/media1.jensgustafsson.se\/2019\/06\/DSC_2689-1024x683.jpg\" alt=\"\" class=\"wp-image-12755\" srcset=\"https:\/\/media1.jensgustafsson.se\/2019\/06\/DSC_2689-1024x683.jpg 1024w, https:\/\/media1.jensgustafsson.se\/2019\/06\/DSC_2689-300x200.jpg 300w, https:\/\/media1.jensgustafsson.se\/2019\/06\/DSC_2689-768x512.jpg 768w, https:\/\/media1.jensgustafsson.se\/2019\/06\/DSC_2689-450x300.jpg 450w\" sizes=\"auto, (max-width: 1024px) 100vw, 1024px\" \/><figcaption><strong><em>Vid Gamlehult p\u00e5 morgonen.<\/em><\/strong><\/figcaption><\/figure>\n\n\n\n<p class=\"has-text-color has-medium-font-size has-blue-color\">Loggade v\u00e4derdata fr\u00e5n 20190606 kl.20.00 till 20190607 kl.19.00:<\/p>\n\n\n\n<p class=\"has-text-color has-medium-font-size has-blue-color\">Min. temp:    15,6    \u00b0C<br \/>\nMax. temp:    29,6    \u00b0C<br \/>\nMin. lufttryck:    997,4   hPa<br \/>\nMax. lufttryck:    998,6   hPa<br \/>\nDomin. vindriktn.:    Sydlig. <br \/>\nMaxvind:    7   m\/s.<br \/>\nNederb\u00f6rd:    0   mm<\/p>\n","protected":false},"excerpt":{"rendered":"<p>Tidigt p\u00e5 morgonen var det n\u00e4stan molnfritt, men efter soluppg\u00e5ngen s\u00e5 kom det dimmoln, som l\u00e5g kvar en bit in p\u00e5 f\u00f6rmiddagen. D\u00e4refter luckrades molnen upp, och solen lyste med full kraft, och temperaturen steg snabbt. Fram mot lunchtid d\u00f6k &hellip; <a href=\"https:\/\/jensgustafsson.se\/?p=12751\">Forts\u00e4tt l\u00e4sa <span class=\"meta-nav\">&rarr;<\/span><\/a><\/p>\n","protected":false},"author":1,"featured_media":0,"comment_status":"open","ping_status":"closed","sticky":false,"template":"","format":"standard","meta":{"footnotes":""},"categories":[10],"tags":[],"class_list":["post-12751","post","type-post","status-publish","format-standard","hentry","category-vaderdagbok-2013"],"_links":{"self":[{"href":"https:\/\/jensgustafsson.se\/index.php?rest_route=\/wp\/v2\/posts\/12751","targetHints":{"allow":["GET"]}}],"collection":[{"href":"https:\/\/jensgustafsson.se\/index.php?rest_route=\/wp\/v2\/posts"}],"about":[{"href":"https:\/\/jensgustafsson.se\/index.php?rest_route=\/wp\/v2\/types\/post"}],"author":[{"embeddable":true,"href":"https:\/\/jensgustafsson.se\/index.php?rest_route=\/wp\/v2\/users\/1"}],"replies":[{"embeddable":true,"href":"https:\/\/jensgustafsson.se\/index.php?rest_route=%2Fwp%2Fv2%2Fcomments&post=12751"}],"version-history":[{"count":2,"href":"https:\/\/jensgustafsson.se\/index.php?rest_route=\/wp\/v2\/posts\/12751\/revisions"}],"predecessor-version":[{"id":12756,"href":"https:\/\/jensgustafsson.se\/index.php?rest_route=\/wp\/v2\/posts\/12751\/revisions\/12756"}],"wp:attachment":[{"href":"https:\/\/jensgustafsson.se\/index.php?rest_route=%2Fwp%2Fv2%2Fmedia&parent=12751"}],"wp:term":[{"taxonomy":"category","embeddable":true,"href":"https:\/\/jensgustafsson.se\/index.php?rest_route=%2Fwp%2Fv2%2Fcategories&post=12751"},{"taxonomy":"post_tag","embeddable":true,"href":"https:\/\/jensgustafsson.se\/index.php?rest_route=%2Fwp%2Fv2%2Ftags&post=12751"}],"curies":[{"name":"wp","href":"https:\/\/api.w.org\/{rel}","templated":true}]}}