{"id":12811,"date":"2019-06-21T19:26:10","date_gmt":"2019-06-21T18:26:10","guid":{"rendered":"http:\/\/jensgustafsson.se\/?p=12811"},"modified":"2019-06-21T19:26:10","modified_gmt":"2019-06-21T18:26:10","slug":"fredag-21-juni-midsommarafton-2019","status":"publish","type":"post","link":"https:\/\/jensgustafsson.se\/?p=12811","title":{"rendered":"Fredag 21 juni (Midsommarafton) 2019."},"content":{"rendered":"\n<p class=\"has-text-color has-medium-font-size has-blue-color\">Midsommaraftonen blev en v\u00e4derm\u00e4ssigt lagom dag tycker jag. Vi n\u00e5dde inte riktigt h\u00f6gsommarv\u00e4rme idag. 24,5\u00b0 i maxtemp, men det \u00e4r ju helt klart godk\u00e4nd temperatur en s\u00e5dan h\u00e4r dag. P\u00e5 morgonen var det n\u00e4st intill klar himmel, bara lite l\u00e4tta skyar.<\/p>\n\n\n\n<figure class=\"wp-block-image\"><img loading=\"lazy\" decoding=\"async\" width=\"1024\" height=\"683\" src=\"http:\/\/media1.jensgustafsson.se\/2019\/06\/DSC_3199-1024x683.jpg\" alt=\"\" class=\"wp-image-12814\" srcset=\"https:\/\/media1.jensgustafsson.se\/2019\/06\/DSC_3199-1024x683.jpg 1024w, https:\/\/media1.jensgustafsson.se\/2019\/06\/DSC_3199-300x200.jpg 300w, https:\/\/media1.jensgustafsson.se\/2019\/06\/DSC_3199-768x512.jpg 768w, https:\/\/media1.jensgustafsson.se\/2019\/06\/DSC_3199-450x300.jpg 450w\" sizes=\"auto, (max-width: 1024px) 100vw, 1024px\" \/><figcaption><strong><em>Morgonpromenad runt Lilla Klobo idag.<\/em><\/strong><\/figcaption><\/figure>\n\n\n\n<p class=\"has-text-color has-medium-font-size has-blue-color\">Molnigheten har sedan varierat lite, och tidvis lite tjockare, m\u00f6rkare moln, och jag h\u00f6rde n\u00e5gra regndroppar p\u00e5 altantaket n\u00e4r jag satt d\u00e4r efter lunchtid. Vinden har varit m\u00e5ttlig till frisk, v\u00e4stlig.<\/p>\n\n\n\n<figure class=\"wp-block-image\"><img loading=\"lazy\" decoding=\"async\" width=\"600\" height=\"300\" src=\"http:\/\/media1.jensgustafsson.se\/2019\/06\/20190621.png\" alt=\"\" class=\"wp-image-12812\" srcset=\"https:\/\/media1.jensgustafsson.se\/2019\/06\/20190621.png 600w, https:\/\/media1.jensgustafsson.se\/2019\/06\/20190621-300x150.png 300w, https:\/\/media1.jensgustafsson.se\/2019\/06\/20190621-500x250.png 500w\" sizes=\"auto, (max-width: 600px) 100vw, 600px\" \/><\/figure>\n\n\n\n<p class=\"has-text-color has-medium-font-size has-blue-color\">Loggade v\u00e4derdata fr\u00e5n 20190620 kl.19.30 till 20190621 kl.20.30:<\/p>\n\n\n\n<p class=\"has-text-color has-medium-font-size has-blue-color\">Min. temp:    15,9    \u00b0C<br \/> Max. temp:    24,5    \u00b0C<br \/> Min. lufttryck:    992,1   hPa<br \/> Max. lufttryck:    1000    hPa<br \/> Domin. vindriktn.:    V\u00e4stlig.    <br \/> Maxvind:    10  m\/s.<br \/> Nederb\u00f6rd:    0   mm<\/p>\n\n\n\n<figure class=\"wp-block-image\"><img loading=\"lazy\" decoding=\"async\" width=\"1024\" height=\"649\" src=\"http:\/\/media1.jensgustafsson.se\/2019\/06\/DSC_3248-1024x649.jpg\" alt=\"\" class=\"wp-image-12815\" srcset=\"https:\/\/media1.jensgustafsson.se\/2019\/06\/DSC_3248-1024x649.jpg 1024w, https:\/\/media1.jensgustafsson.se\/2019\/06\/DSC_3248-300x190.jpg 300w, https:\/\/media1.jensgustafsson.se\/2019\/06\/DSC_3248-768x487.jpg 768w, https:\/\/media1.jensgustafsson.se\/2019\/06\/DSC_3248-473x300.jpg 473w\" sizes=\"auto, (max-width: 1024px) 100vw, 1024px\" \/><figcaption><strong><em>Eftertraktad blomma..<\/em><\/strong><\/figcaption><\/figure>\n","protected":false},"excerpt":{"rendered":"<p>Midsommaraftonen blev en v\u00e4derm\u00e4ssigt lagom dag tycker jag. Vi n\u00e5dde inte riktigt h\u00f6gsommarv\u00e4rme idag. 24,5\u00b0 i maxtemp, men det \u00e4r ju helt klart godk\u00e4nd temperatur en s\u00e5dan h\u00e4r dag. P\u00e5 morgonen var det n\u00e4st intill klar himmel, bara lite l\u00e4tta &hellip; <a href=\"https:\/\/jensgustafsson.se\/?p=12811\">Forts\u00e4tt l\u00e4sa <span class=\"meta-nav\">&rarr;<\/span><\/a><\/p>\n","protected":false},"author":1,"featured_media":0,"comment_status":"open","ping_status":"closed","sticky":false,"template":"","format":"standard","meta":{"footnotes":""},"categories":[10],"tags":[],"class_list":["post-12811","post","type-post","status-publish","format-standard","hentry","category-vaderdagbok-2013"],"_links":{"self":[{"href":"https:\/\/jensgustafsson.se\/index.php?rest_route=\/wp\/v2\/posts\/12811","targetHints":{"allow":["GET"]}}],"collection":[{"href":"https:\/\/jensgustafsson.se\/index.php?rest_route=\/wp\/v2\/posts"}],"about":[{"href":"https:\/\/jensgustafsson.se\/index.php?rest_route=\/wp\/v2\/types\/post"}],"author":[{"embeddable":true,"href":"https:\/\/jensgustafsson.se\/index.php?rest_route=\/wp\/v2\/users\/1"}],"replies":[{"embeddable":true,"href":"https:\/\/jensgustafsson.se\/index.php?rest_route=%2Fwp%2Fv2%2Fcomments&post=12811"}],"version-history":[{"count":2,"href":"https:\/\/jensgustafsson.se\/index.php?rest_route=\/wp\/v2\/posts\/12811\/revisions"}],"predecessor-version":[{"id":12816,"href":"https:\/\/jensgustafsson.se\/index.php?rest_route=\/wp\/v2\/posts\/12811\/revisions\/12816"}],"wp:attachment":[{"href":"https:\/\/jensgustafsson.se\/index.php?rest_route=%2Fwp%2Fv2%2Fmedia&parent=12811"}],"wp:term":[{"taxonomy":"category","embeddable":true,"href":"https:\/\/jensgustafsson.se\/index.php?rest_route=%2Fwp%2Fv2%2Fcategories&post=12811"},{"taxonomy":"post_tag","embeddable":true,"href":"https:\/\/jensgustafsson.se\/index.php?rest_route=%2Fwp%2Fv2%2Ftags&post=12811"}],"curies":[{"name":"wp","href":"https:\/\/api.w.org\/{rel}","templated":true}]}}