{"id":12835,"date":"2019-06-25T19:35:00","date_gmt":"2019-06-25T18:35:00","guid":{"rendered":"http:\/\/jensgustafsson.se\/?p=12835"},"modified":"2019-06-25T19:35:00","modified_gmt":"2019-06-25T18:35:00","slug":"tisdag-25-juni-2019","status":"publish","type":"post","link":"https:\/\/jensgustafsson.se\/?p=12835","title":{"rendered":"Tisdag 25 juni 2019."},"content":{"rendered":"\n<p class=\"has-text-color has-medium-font-size has-blue-color\">V\u00e4rmen \u00f6kar, och torkan forts\u00e4tter. Solen har d\u00e4mpats lite ibland av tunna moln som kommit och g\u00e5tt, och \u00e4ven lite tjockare moln mot kv\u00e4llningen, men de har l\u00e4ttat igen. Svag till m\u00e5ttlig, sydostlig vind, och en maxtemp p\u00e5 28,4\u00b0, allts\u00e5 2\u00b0 h\u00f6gre \u00e4n ig\u00e5r.<\/p>\n\n\n\n<figure class=\"wp-block-image\"><img loading=\"lazy\" decoding=\"async\" width=\"600\" height=\"300\" src=\"http:\/\/media1.jensgustafsson.se\/2019\/06\/20190625.png\" alt=\"\" class=\"wp-image-12836\" srcset=\"https:\/\/media1.jensgustafsson.se\/2019\/06\/20190625.png 600w, https:\/\/media1.jensgustafsson.se\/2019\/06\/20190625-300x150.png 300w, https:\/\/media1.jensgustafsson.se\/2019\/06\/20190625-500x250.png 500w\" sizes=\"auto, (max-width: 600px) 100vw, 600px\" \/><\/figure>\n\n\n\n<p class=\"has-text-color has-medium-font-size has-blue-color\">Loggade v\u00e4derdata fr\u00e5n 20190624 kl.20.00 till 20190625 kl.20.30:<\/p>\n\n\n\n<p class=\"has-text-color has-medium-font-size has-blue-color\">Min. temp:    9,8 \u00b0C<br \/>\nMax. temp:    28,4    \u00b0C<br \/>\nMin. lufttryck:    1009    hPa<br \/>\nMax. lufttryck:    1015,7  hPa<br \/>\nDomin. vindriktn.:    Sydostlig.  <br \/>\nMaxvind:    6   m\/s.<br \/>\nNederb\u00f6rd:    0   mm<\/p>\n","protected":false},"excerpt":{"rendered":"<p>V\u00e4rmen \u00f6kar, och torkan forts\u00e4tter. Solen har d\u00e4mpats lite ibland av tunna moln som kommit och g\u00e5tt, och \u00e4ven lite tjockare moln mot kv\u00e4llningen, men de har l\u00e4ttat igen. Svag till m\u00e5ttlig, sydostlig vind, och en maxtemp p\u00e5 28,4\u00b0, allts\u00e5 &hellip; <a href=\"https:\/\/jensgustafsson.se\/?p=12835\">Forts\u00e4tt l\u00e4sa <span class=\"meta-nav\">&rarr;<\/span><\/a><\/p>\n","protected":false},"author":1,"featured_media":0,"comment_status":"open","ping_status":"closed","sticky":false,"template":"","format":"standard","meta":{"footnotes":""},"categories":[10],"tags":[],"class_list":["post-12835","post","type-post","status-publish","format-standard","hentry","category-vaderdagbok-2013"],"_links":{"self":[{"href":"https:\/\/jensgustafsson.se\/index.php?rest_route=\/wp\/v2\/posts\/12835","targetHints":{"allow":["GET"]}}],"collection":[{"href":"https:\/\/jensgustafsson.se\/index.php?rest_route=\/wp\/v2\/posts"}],"about":[{"href":"https:\/\/jensgustafsson.se\/index.php?rest_route=\/wp\/v2\/types\/post"}],"author":[{"embeddable":true,"href":"https:\/\/jensgustafsson.se\/index.php?rest_route=\/wp\/v2\/users\/1"}],"replies":[{"embeddable":true,"href":"https:\/\/jensgustafsson.se\/index.php?rest_route=%2Fwp%2Fv2%2Fcomments&post=12835"}],"version-history":[{"count":1,"href":"https:\/\/jensgustafsson.se\/index.php?rest_route=\/wp\/v2\/posts\/12835\/revisions"}],"predecessor-version":[{"id":12837,"href":"https:\/\/jensgustafsson.se\/index.php?rest_route=\/wp\/v2\/posts\/12835\/revisions\/12837"}],"wp:attachment":[{"href":"https:\/\/jensgustafsson.se\/index.php?rest_route=%2Fwp%2Fv2%2Fmedia&parent=12835"}],"wp:term":[{"taxonomy":"category","embeddable":true,"href":"https:\/\/jensgustafsson.se\/index.php?rest_route=%2Fwp%2Fv2%2Fcategories&post=12835"},{"taxonomy":"post_tag","embeddable":true,"href":"https:\/\/jensgustafsson.se\/index.php?rest_route=%2Fwp%2Fv2%2Ftags&post=12835"}],"curies":[{"name":"wp","href":"https:\/\/api.w.org\/{rel}","templated":true}]}}