{"id":1321,"date":"2013-06-05T20:12:40","date_gmt":"2013-06-05T19:12:40","guid":{"rendered":"http:\/\/jensgustafsson.se\/?p=1321"},"modified":"2013-06-05T20:12:51","modified_gmt":"2013-06-05T19:12:51","slug":"onsdag-5e-juni","status":"publish","type":"post","link":"https:\/\/jensgustafsson.se\/?p=1321","title":{"rendered":"Onsdag 5:e juni"},"content":{"rendered":"<div id=\"attachment_1322\" style=\"width: 310px\" class=\"wp-caption aligncenter\"><a href=\"http:\/\/media1.jensgustafsson.se\/2013\/06\/IMG_2191.jpg\"><img loading=\"lazy\" decoding=\"async\" aria-describedby=\"caption-attachment-1322\" class=\"size-medium wp-image-1322\" alt=\"En fin sommarkv\u00e4ll vid Leksj\u00f6arna\" src=\"http:\/\/media1.jensgustafsson.se\/2013\/06\/IMG_2191-300x225.jpg\" width=\"300\" height=\"225\" srcset=\"https:\/\/media1.jensgustafsson.se\/2013\/06\/IMG_2191-300x225.jpg 300w, https:\/\/media1.jensgustafsson.se\/2013\/06\/IMG_2191-1024x768.jpg 1024w, https:\/\/media1.jensgustafsson.se\/2013\/06\/IMG_2191-400x300.jpg 400w\" sizes=\"auto, (max-width: 300px) 100vw, 300px\" \/><\/a><p id=\"caption-attachment-1322\" class=\"wp-caption-text\"><em>En fin sommarkv\u00e4ll vid Leksj\u00f6arna<\/em><\/p><\/div>\n<p><em>Efter en kylig natt med lokal frost ( en jobbarkompis hade faktiskt is p\u00e5 rutan p\u00e5 morgonen), s\u00e5 har det varit v\u00e4xlande molnighet med mycket sol idag, och aningen h\u00f6gre dagstemperatur ocks\u00e5. \u00c5terigen har det varit en fin kv\u00e4ll, men lite sval vind.<\/em><\/p>\n<table width=\"323\" border=\"0\" cellspacing=\"0\" cellpadding=\"0\">\n<colgroup>\n<col width=\"191\" \/>\n<col width=\"68\" \/>\n<col width=\"64\" \/><\/colgroup>\n<tbody>\n<tr>\n<td width=\"191\" height=\"19\"><em>20130605 \u00a0 kl.<\/em><\/td>\n<td width=\"68\"><em>21.00<\/em><\/td>\n<td width=\"64\"><em>\u00a0<\/em><\/td>\n<\/tr>\n<tr>\n<td height=\"19\"><em>Aktuell temp:<\/em><\/td>\n<td><em>17,3<\/em><\/td>\n<td><em>\u00b0C<\/em><\/td>\n<\/tr>\n<tr>\n<td height=\"19\"><em>Mintemp:<\/em><\/td>\n<td><em>4,9<\/em><\/td>\n<td><em>\u00b0C<\/em><\/td>\n<\/tr>\n<tr>\n<td height=\"19\"><em>Maxtemp:<\/em><\/td>\n<td><em>21,4<\/em><\/td>\n<td><em>\u00b0C<\/em><\/td>\n<\/tr>\n<tr>\n<td height=\"19\"><em>Temp. i vinden<\/em><\/td>\n<td><em>17,3<\/em><\/td>\n<td><em>\u00b0C<\/em><\/td>\n<\/tr>\n<tr>\n<td height=\"19\"><em>Mintemp i vinden<\/em><\/td>\n<td><em>4,9<\/em><\/td>\n<td><em>\u00b0C<\/em><\/td>\n<\/tr>\n<tr>\n<td height=\"19\"><em>Luftfuktigh:<\/em><\/td>\n<td><em>48<\/em><\/td>\n<td><em>%.<\/em><\/td>\n<\/tr>\n<tr>\n<td height=\"19\"><em>Min.<\/em><\/td>\n<td><em>37<\/em><\/td>\n<td><em>%.<\/em><\/td>\n<\/tr>\n<tr>\n<td height=\"19\"><em>Max.<\/em><\/td>\n<td><em>81<\/em><\/td>\n<td><em>%.<\/em><\/td>\n<\/tr>\n<tr>\n<td height=\"20\"><em>Lufttryck:<\/em><\/td>\n<td><em>1022,2<\/em><\/td>\n<td><em>hPa<\/em><\/td>\n<\/tr>\n<tr>\n<td height=\"20\"><em>Min.<\/em><\/td>\n<td><em>1019,3<\/em><\/td>\n<td><em>hPa<\/em><\/td>\n<\/tr>\n<tr>\n<td height=\"20\"><em>Max.<\/em><\/td>\n<td><em>1022,3<\/em><\/td>\n<td><em>hPa<\/em><\/td>\n<\/tr>\n<tr>\n<td height=\"20\"><em>Vindriktning:<\/em><\/td>\n<td><em>Ostlig.<\/em><\/td>\n<td><em>\u00a0<\/em><\/td>\n<\/tr>\n<tr>\n<td height=\"20\"><em>Vindhast.<\/em><\/td>\n<td><em>1<\/em><\/td>\n<td><em>m\/s.<\/em><\/td>\n<\/tr>\n<tr>\n<td height=\"19\"><em>Maxvind:<\/em><\/td>\n<td><em>5<\/em><\/td>\n<td><em>m\/s.<\/em><\/td>\n<\/tr>\n<tr>\n<td height=\"19\"><em>Nederb\u00f6rd:<\/em><\/td>\n<td><em>0<\/em><\/td>\n<td><em>mm<\/em><\/td>\n<\/tr>\n<\/tbody>\n<\/table>\n<p>&nbsp;<\/p>\n","protected":false},"excerpt":{"rendered":"<p>Efter en kylig natt med lokal frost ( en jobbarkompis hade faktiskt is p\u00e5 rutan p\u00e5 morgonen), s\u00e5 har det varit v\u00e4xlande molnighet med mycket sol idag, och aningen h\u00f6gre dagstemperatur ocks\u00e5. \u00c5terigen har det varit en fin kv\u00e4ll, men &hellip; <a href=\"https:\/\/jensgustafsson.se\/?p=1321\">Forts\u00e4tt l\u00e4sa <span class=\"meta-nav\">&rarr;<\/span><\/a><\/p>\n","protected":false},"author":1,"featured_media":0,"comment_status":"open","ping_status":"open","sticky":false,"template":"","format":"standard","meta":{"footnotes":""},"categories":[10],"tags":[],"class_list":["post-1321","post","type-post","status-publish","format-standard","hentry","category-vaderdagbok-2013"],"_links":{"self":[{"href":"https:\/\/jensgustafsson.se\/index.php?rest_route=\/wp\/v2\/posts\/1321","targetHints":{"allow":["GET"]}}],"collection":[{"href":"https:\/\/jensgustafsson.se\/index.php?rest_route=\/wp\/v2\/posts"}],"about":[{"href":"https:\/\/jensgustafsson.se\/index.php?rest_route=\/wp\/v2\/types\/post"}],"author":[{"embeddable":true,"href":"https:\/\/jensgustafsson.se\/index.php?rest_route=\/wp\/v2\/users\/1"}],"replies":[{"embeddable":true,"href":"https:\/\/jensgustafsson.se\/index.php?rest_route=%2Fwp%2Fv2%2Fcomments&post=1321"}],"version-history":[{"count":2,"href":"https:\/\/jensgustafsson.se\/index.php?rest_route=\/wp\/v2\/posts\/1321\/revisions"}],"predecessor-version":[{"id":1324,"href":"https:\/\/jensgustafsson.se\/index.php?rest_route=\/wp\/v2\/posts\/1321\/revisions\/1324"}],"wp:attachment":[{"href":"https:\/\/jensgustafsson.se\/index.php?rest_route=%2Fwp%2Fv2%2Fmedia&parent=1321"}],"wp:term":[{"taxonomy":"category","embeddable":true,"href":"https:\/\/jensgustafsson.se\/index.php?rest_route=%2Fwp%2Fv2%2Fcategories&post=1321"},{"taxonomy":"post_tag","embeddable":true,"href":"https:\/\/jensgustafsson.se\/index.php?rest_route=%2Fwp%2Fv2%2Ftags&post=1321"}],"curies":[{"name":"wp","href":"https:\/\/api.w.org\/{rel}","templated":true}]}}