{"id":1352,"date":"2013-06-07T19:33:55","date_gmt":"2013-06-07T18:33:55","guid":{"rendered":"http:\/\/jensgustafsson.se\/?p=1352"},"modified":"2013-06-07T19:34:04","modified_gmt":"2013-06-07T18:34:04","slug":"fredag-7e-juni","status":"publish","type":"post","link":"https:\/\/jensgustafsson.se\/?p=1352","title":{"rendered":"Fredag 7:e juni"},"content":{"rendered":"<div id=\"attachment_1353\" style=\"width: 310px\" class=\"wp-caption aligncenter\"><a href=\"http:\/\/media1.jensgustafsson.se\/2013\/06\/IMG_2240.jpg\"><img loading=\"lazy\" decoding=\"async\" aria-describedby=\"caption-attachment-1353\" class=\"size-medium wp-image-1353\" alt=\"\u00c4nnu en solig och varm dag\" src=\"http:\/\/media1.jensgustafsson.se\/2013\/06\/IMG_2240-300x225.jpg\" width=\"300\" height=\"225\" srcset=\"https:\/\/media1.jensgustafsson.se\/2013\/06\/IMG_2240-300x225.jpg 300w, https:\/\/media1.jensgustafsson.se\/2013\/06\/IMG_2240-400x300.jpg 400w, https:\/\/media1.jensgustafsson.se\/2013\/06\/IMG_2240.jpg 640w\" sizes=\"auto, (max-width: 300px) 100vw, 300px\" \/><\/a><p id=\"caption-attachment-1353\" class=\"wp-caption-text\"><em>\u00c4nnu en solig och varm dag<\/em><\/p><\/div>\n<p><em>Idag blev det d\u00e5 h\u00f6gsommarv\u00e4rme, och det kan ju d\u00e5 direkt h\u00e4nf\u00f6ras till att vinden vridit \u00f6ver mot v\u00e4st. Solen har dominerat, bara lite l\u00e4tta sommarmoln under eftermiddagen. Senaste dygnet blev s\u00e5 h\u00e4r:<\/em><\/p>\n<table width=\"342\" border=\"0\" cellspacing=\"0\" cellpadding=\"0\">\n<colgroup>\n<col width=\"191\" \/>\n<col width=\"87\" \/>\n<col width=\"64\" \/><\/colgroup>\n<tbody>\n<tr>\n<td width=\"191\" height=\"19\"><em>20130607 \u00a0 kl.<\/em><\/td>\n<td width=\"87\"><em>20.15<\/em><\/td>\n<td width=\"64\"><em>\u00a0<\/em><\/td>\n<\/tr>\n<tr>\n<td height=\"19\"><em>Aktuell temp:<\/em><\/td>\n<td><em>23,6<\/em><\/td>\n<td><em>\u00b0C<\/em><\/td>\n<\/tr>\n<tr>\n<td height=\"19\"><em>Mintemp:<\/em><\/td>\n<td><em>8,1<\/em><\/td>\n<td><em>\u00b0C<\/em><\/td>\n<\/tr>\n<tr>\n<td height=\"19\"><em>Maxtemp:<\/em><\/td>\n<td><em>26,4<\/em><\/td>\n<td><em>\u00b0C<\/em><\/td>\n<\/tr>\n<tr>\n<td height=\"19\"><em>Temp. i vinden<\/em><\/td>\n<td><em>20,8<\/em><\/td>\n<td><em>\u00b0C<\/em><\/td>\n<\/tr>\n<tr>\n<td height=\"19\"><em>Mintemp i vinden<\/em><\/td>\n<td><em>8,1<\/em><\/td>\n<td><em>\u00b0C<\/em><\/td>\n<\/tr>\n<tr>\n<td height=\"19\"><em>Luftfuktigh:<\/em><\/td>\n<td><em>41<\/em><\/td>\n<td><em>%.<\/em><\/td>\n<\/tr>\n<tr>\n<td height=\"19\"><em>Min.<\/em><\/td>\n<td><em>36<\/em><\/td>\n<td><em>%.<\/em><\/td>\n<\/tr>\n<tr>\n<td height=\"19\"><em>Max.<\/em><\/td>\n<td><em>77<\/em><\/td>\n<td><em>%.<\/em><\/td>\n<\/tr>\n<tr>\n<td height=\"20\"><em>Lufttryck:<\/em><\/td>\n<td><em>1016,5<\/em><\/td>\n<td><em>hPa<\/em><\/td>\n<\/tr>\n<tr>\n<td height=\"20\"><em>Min.<\/em><\/td>\n<td><em>1016,4<\/em><\/td>\n<td><em>hPa<\/em><\/td>\n<\/tr>\n<tr>\n<td height=\"20\"><em>Max.<\/em><\/td>\n<td><em>1022,4<\/em><\/td>\n<td><em>hPa<\/em><\/td>\n<\/tr>\n<tr>\n<td height=\"20\"><em>Vindriktning:<\/em><\/td>\n<td><em>V\u00e4stlig<\/em><\/td>\n<td><em>\u00a0<\/em><\/td>\n<\/tr>\n<tr>\n<td height=\"19\"><em>Vindhast.<\/em><\/td>\n<td><em>5<\/em><\/td>\n<td><em>m\/s.<\/em><\/td>\n<\/tr>\n<tr>\n<td height=\"19\"><em>Maxvind:<\/em><\/td>\n<td><em>6<\/em><\/td>\n<td><em>m\/s.<\/em><\/td>\n<\/tr>\n<\/tbody>\n<\/table>\n<p>&nbsp;<\/p>\n","protected":false},"excerpt":{"rendered":"<p>Idag blev det d\u00e5 h\u00f6gsommarv\u00e4rme, och det kan ju d\u00e5 direkt h\u00e4nf\u00f6ras till att vinden vridit \u00f6ver mot v\u00e4st. Solen har dominerat, bara lite l\u00e4tta sommarmoln under eftermiddagen. Senaste dygnet blev s\u00e5 h\u00e4r: 20130607 \u00a0 kl. 20.15 \u00a0 Aktuell temp: &hellip; <a href=\"https:\/\/jensgustafsson.se\/?p=1352\">Forts\u00e4tt l\u00e4sa <span class=\"meta-nav\">&rarr;<\/span><\/a><\/p>\n","protected":false},"author":1,"featured_media":0,"comment_status":"open","ping_status":"open","sticky":false,"template":"","format":"standard","meta":{"footnotes":""},"categories":[10],"tags":[],"class_list":["post-1352","post","type-post","status-publish","format-standard","hentry","category-vaderdagbok-2013"],"_links":{"self":[{"href":"https:\/\/jensgustafsson.se\/index.php?rest_route=\/wp\/v2\/posts\/1352","targetHints":{"allow":["GET"]}}],"collection":[{"href":"https:\/\/jensgustafsson.se\/index.php?rest_route=\/wp\/v2\/posts"}],"about":[{"href":"https:\/\/jensgustafsson.se\/index.php?rest_route=\/wp\/v2\/types\/post"}],"author":[{"embeddable":true,"href":"https:\/\/jensgustafsson.se\/index.php?rest_route=\/wp\/v2\/users\/1"}],"replies":[{"embeddable":true,"href":"https:\/\/jensgustafsson.se\/index.php?rest_route=%2Fwp%2Fv2%2Fcomments&post=1352"}],"version-history":[{"count":2,"href":"https:\/\/jensgustafsson.se\/index.php?rest_route=\/wp\/v2\/posts\/1352\/revisions"}],"predecessor-version":[{"id":1355,"href":"https:\/\/jensgustafsson.se\/index.php?rest_route=\/wp\/v2\/posts\/1352\/revisions\/1355"}],"wp:attachment":[{"href":"https:\/\/jensgustafsson.se\/index.php?rest_route=%2Fwp%2Fv2%2Fmedia&parent=1352"}],"wp:term":[{"taxonomy":"category","embeddable":true,"href":"https:\/\/jensgustafsson.se\/index.php?rest_route=%2Fwp%2Fv2%2Fcategories&post=1352"},{"taxonomy":"post_tag","embeddable":true,"href":"https:\/\/jensgustafsson.se\/index.php?rest_route=%2Fwp%2Fv2%2Ftags&post=1352"}],"curies":[{"name":"wp","href":"https:\/\/api.w.org\/{rel}","templated":true}]}}