{"id":1363,"date":"2013-06-08T19:52:47","date_gmt":"2013-06-08T18:52:47","guid":{"rendered":"http:\/\/jensgustafsson.se\/?p=1363"},"modified":"2013-06-08T19:52:55","modified_gmt":"2013-06-08T18:52:55","slug":"lordag-8e-juni","status":"publish","type":"post","link":"https:\/\/jensgustafsson.se\/?p=1363","title":{"rendered":"L\u00f6rdag 8:e juni"},"content":{"rendered":"<div id=\"attachment_1364\" style=\"width: 310px\" class=\"wp-caption aligncenter\"><a href=\"http:\/\/media1.jensgustafsson.se\/2013\/06\/IMG_2292.jpg\"><img loading=\"lazy\" decoding=\"async\" aria-describedby=\"caption-attachment-1364\" class=\"size-medium wp-image-1364\" alt=\"20130608 vid Forsaryd p\u00e5 morgonen.\" src=\"http:\/\/media1.jensgustafsson.se\/2013\/06\/IMG_2292-300x225.jpg\" width=\"300\" height=\"225\" srcset=\"https:\/\/media1.jensgustafsson.se\/2013\/06\/IMG_2292-300x225.jpg 300w, https:\/\/media1.jensgustafsson.se\/2013\/06\/IMG_2292-400x300.jpg 400w, https:\/\/media1.jensgustafsson.se\/2013\/06\/IMG_2292.jpg 640w\" sizes=\"auto, (max-width: 300px) 100vw, 300px\" \/><\/a><p id=\"caption-attachment-1364\" class=\"wp-caption-text\"><em>20130608 vid Forsaryd p\u00e5 morgonen.<\/em><\/p><\/div>\n<p><em>Helt bl\u00e5 himmel p\u00e5 morgonen, men sedan \u00f6kade vinden lite och molnigheten har v\u00e4xlat lite under dagen, men det har varit \u00f6verv\u00e4gande soligt i alla fall. Ikv\u00e4ll syns det lite stackmoln i v\u00e4ster och nordv\u00e4st.<\/em><\/p>\n<table width=\"323\" border=\"0\" cellspacing=\"0\" cellpadding=\"0\">\n<colgroup>\n<col width=\"191\" \/>\n<col width=\"68\" \/>\n<col width=\"64\" \/><\/colgroup>\n<tbody>\n<tr>\n<td width=\"191\" height=\"19\"><em>20130608 \u00a0 kl.<\/em><\/td>\n<td width=\"68\"><em>20.45<\/em><\/td>\n<td width=\"64\"><em>\u00a0<\/em><\/td>\n<\/tr>\n<tr>\n<td height=\"19\"><em>Aktuell temp:<\/em><\/td>\n<td><em>20,1<\/em><\/td>\n<td><em>\u00b0C<\/em><\/td>\n<\/tr>\n<tr>\n<td height=\"19\"><em>Mintemp:<\/em><\/td>\n<td><em>10,7<\/em><\/td>\n<td><em>\u00b0C<\/em><\/td>\n<\/tr>\n<tr>\n<td height=\"19\"><em>Maxtemp:<\/em><\/td>\n<td><em>24,1<\/em><\/td>\n<td><em>\u00b0C<\/em><\/td>\n<\/tr>\n<tr>\n<td height=\"19\"><em>Temp. i vinden<\/em><\/td>\n<td><em>20,1<\/em><\/td>\n<td><em>\u00b0C<\/em><\/td>\n<\/tr>\n<tr>\n<td height=\"19\"><em>Mintemp i vinden<\/em><\/td>\n<td><em>8,2<\/em><\/td>\n<td><em>\u00b0C<\/em><\/td>\n<\/tr>\n<tr>\n<td height=\"19\"><em>Luftfuktigh:<\/em><\/td>\n<td><em>45<\/em><\/td>\n<td><em>%.<\/em><\/td>\n<\/tr>\n<tr>\n<td height=\"19\"><em>Min.<\/em><\/td>\n<td><em>38<\/em><\/td>\n<td><em>%.<\/em><\/td>\n<\/tr>\n<tr>\n<td height=\"19\"><em>Max.<\/em><\/td>\n<td><em>76<\/em><\/td>\n<td><em>%.<\/em><\/td>\n<\/tr>\n<tr>\n<td height=\"20\"><em>Lufttryck:<\/em><\/td>\n<td><em>1010,3<\/em><\/td>\n<td><em>hPa<\/em><\/td>\n<\/tr>\n<tr>\n<td height=\"20\"><em>Min.<\/em><\/td>\n<td><em>1010,1<\/em><\/td>\n<td><em>hPa<\/em><\/td>\n<\/tr>\n<tr>\n<td height=\"20\"><em>Max.<\/em><\/td>\n<td><em>1017,2<\/em><\/td>\n<td><em>hPa<\/em><\/td>\n<\/tr>\n<tr>\n<td height=\"20\"><em>Vindriktning:<\/em><\/td>\n<td><em>V\u00e4stlig.<\/em><\/td>\n<td><em>\u00a0<\/em><\/td>\n<\/tr>\n<tr>\n<td height=\"19\"><em>Vindhast.<\/em><\/td>\n<td><em>1,5<\/em><\/td>\n<td><em>m\/s.<\/em><\/td>\n<\/tr>\n<tr>\n<td height=\"19\"><em>Maxvind:<\/em><\/td>\n<td><em>7<\/em><\/td>\n<td><em>m\/s.<\/em><\/td>\n<\/tr>\n<tr>\n<td height=\"19\"><em>Nederb\u00f6rd:<\/em><\/td>\n<td><em>0<\/em><\/td>\n<td><em>mm<\/em><\/td>\n<\/tr>\n<\/tbody>\n<\/table>\n<p>&nbsp;<\/p>\n","protected":false},"excerpt":{"rendered":"<p>Helt bl\u00e5 himmel p\u00e5 morgonen, men sedan \u00f6kade vinden lite och molnigheten har v\u00e4xlat lite under dagen, men det har varit \u00f6verv\u00e4gande soligt i alla fall. Ikv\u00e4ll syns det lite stackmoln i v\u00e4ster och nordv\u00e4st. 20130608 \u00a0 kl. 20.45 \u00a0 &hellip; <a href=\"https:\/\/jensgustafsson.se\/?p=1363\">Forts\u00e4tt l\u00e4sa <span class=\"meta-nav\">&rarr;<\/span><\/a><\/p>\n","protected":false},"author":1,"featured_media":0,"comment_status":"open","ping_status":"open","sticky":false,"template":"","format":"standard","meta":{"footnotes":""},"categories":[10],"tags":[],"class_list":["post-1363","post","type-post","status-publish","format-standard","hentry","category-vaderdagbok-2013"],"_links":{"self":[{"href":"https:\/\/jensgustafsson.se\/index.php?rest_route=\/wp\/v2\/posts\/1363","targetHints":{"allow":["GET"]}}],"collection":[{"href":"https:\/\/jensgustafsson.se\/index.php?rest_route=\/wp\/v2\/posts"}],"about":[{"href":"https:\/\/jensgustafsson.se\/index.php?rest_route=\/wp\/v2\/types\/post"}],"author":[{"embeddable":true,"href":"https:\/\/jensgustafsson.se\/index.php?rest_route=\/wp\/v2\/users\/1"}],"replies":[{"embeddable":true,"href":"https:\/\/jensgustafsson.se\/index.php?rest_route=%2Fwp%2Fv2%2Fcomments&post=1363"}],"version-history":[{"count":2,"href":"https:\/\/jensgustafsson.se\/index.php?rest_route=\/wp\/v2\/posts\/1363\/revisions"}],"predecessor-version":[{"id":1366,"href":"https:\/\/jensgustafsson.se\/index.php?rest_route=\/wp\/v2\/posts\/1363\/revisions\/1366"}],"wp:attachment":[{"href":"https:\/\/jensgustafsson.se\/index.php?rest_route=%2Fwp%2Fv2%2Fmedia&parent=1363"}],"wp:term":[{"taxonomy":"category","embeddable":true,"href":"https:\/\/jensgustafsson.se\/index.php?rest_route=%2Fwp%2Fv2%2Fcategories&post=1363"},{"taxonomy":"post_tag","embeddable":true,"href":"https:\/\/jensgustafsson.se\/index.php?rest_route=%2Fwp%2Fv2%2Ftags&post=1363"}],"curies":[{"name":"wp","href":"https:\/\/api.w.org\/{rel}","templated":true}]}}