{"id":14061,"date":"2019-10-23T19:24:27","date_gmt":"2019-10-23T18:24:27","guid":{"rendered":"http:\/\/jensgustafsson.se\/?p=14061"},"modified":"2019-10-23T19:24:27","modified_gmt":"2019-10-23T18:24:27","slug":"onsdag-23-oktober-2019","status":"publish","type":"post","link":"https:\/\/jensgustafsson.se\/?p=14061","title":{"rendered":"Onsdag 23 oktober 2019."},"content":{"rendered":"\n<p class=\"has-text-color has-medium-font-size has-blue-color\"> <em>V\u00e4xlande molnighet och uppeh\u00e5ll idag. En frisk, sydv\u00e4stlig vind har gjort att det k\u00e4nts lite sm\u00e5 kyligt trots att v\u00e4dret \u00e4r milt.<\/em><\/p>\n\n\n\n<figure class=\"wp-block-image\"><img loading=\"lazy\" decoding=\"async\" width=\"1024\" height=\"818\" src=\"http:\/\/media1.jensgustafsson.se\/2019\/10\/DSC_9837-1024x818.jpg\" alt=\"\" class=\"wp-image-14066\" srcset=\"https:\/\/media1.jensgustafsson.se\/2019\/10\/DSC_9837-1024x818.jpg 1024w, https:\/\/media1.jensgustafsson.se\/2019\/10\/DSC_9837-300x240.jpg 300w, https:\/\/media1.jensgustafsson.se\/2019\/10\/DSC_9837-768x613.jpg 768w, https:\/\/media1.jensgustafsson.se\/2019\/10\/DSC_9837-376x300.jpg 376w, https:\/\/media1.jensgustafsson.se\/2019\/10\/DSC_9837.jpg 1716w\" sizes=\"auto, (max-width: 1024px) 100vw, 1024px\" \/><figcaption><strong><em>Str\u00f6mstaren vid Vecklevad i kv\u00e4ll.<\/em><\/strong><\/figcaption><\/figure>\n\n\n\n<p class=\"has-text-color has-medium-font-size has-blue-color\"><em>Loggade v\u00e4derdata fr\u00e5n 20191022 kl.19.00 till 20191023 kl.20.00:<\/em><\/p>\n\n\n\n<p class=\"has-text-color has-medium-font-size has-blue-color\"> <em>Min. temp:    5   \u00b0C <br \/> Max. temp:    12,1    \u00b0C <br \/> Min. lufttryck:    1001,6  hPa <br \/> Max. lufttryck:    1004,3  hPa <br \/> Domin. vindriktn.:    Sydv\u00e4stlig. <br \/> Maxvind:    9   m\/s.<br \/> Nederb\u00f6rd:    0   mm<\/em><\/p>\n\n\n\n<figure class=\"wp-block-image\"><img loading=\"lazy\" decoding=\"async\" width=\"570\" height=\"351\" src=\"http:\/\/media1.jensgustafsson.se\/2019\/10\/image-76.png\" alt=\"\" class=\"wp-image-14062\" srcset=\"https:\/\/media1.jensgustafsson.se\/2019\/10\/image-76.png 570w, https:\/\/media1.jensgustafsson.se\/2019\/10\/image-76-300x185.png 300w, https:\/\/media1.jensgustafsson.se\/2019\/10\/image-76-487x300.png 487w\" sizes=\"auto, (max-width: 570px) 100vw, 570px\" \/><\/figure>\n\n\n\n<figure class=\"wp-block-image\"><img loading=\"lazy\" decoding=\"async\" width=\"591\" height=\"320\" src=\"http:\/\/media1.jensgustafsson.se\/2019\/10\/image-77.png\" alt=\"\" class=\"wp-image-14063\" srcset=\"https:\/\/media1.jensgustafsson.se\/2019\/10\/image-77.png 591w, https:\/\/media1.jensgustafsson.se\/2019\/10\/image-77-300x162.png 300w, https:\/\/media1.jensgustafsson.se\/2019\/10\/image-77-500x271.png 500w\" sizes=\"auto, (max-width: 591px) 100vw, 591px\" \/><\/figure>\n\n\n\n<figure class=\"wp-block-image\"><img loading=\"lazy\" decoding=\"async\" width=\"654\" height=\"381\" src=\"http:\/\/media1.jensgustafsson.se\/2019\/10\/image-78.png\" alt=\"\" class=\"wp-image-14064\" srcset=\"https:\/\/media1.jensgustafsson.se\/2019\/10\/image-78.png 654w, https:\/\/media1.jensgustafsson.se\/2019\/10\/image-78-300x175.png 300w, https:\/\/media1.jensgustafsson.se\/2019\/10\/image-78-500x291.png 500w\" sizes=\"auto, (max-width: 654px) 100vw, 654px\" \/><\/figure>\n","protected":false},"excerpt":{"rendered":"<p>V\u00e4xlande molnighet och uppeh\u00e5ll idag. En frisk, sydv\u00e4stlig vind har gjort att det k\u00e4nts lite sm\u00e5 kyligt trots att v\u00e4dret \u00e4r milt. Loggade v\u00e4derdata fr\u00e5n 20191022 kl.19.00 till 20191023 kl.20.00: Min. temp: 5 \u00b0C Max. temp: 12,1 \u00b0C Min. lufttryck: &hellip; <a href=\"https:\/\/jensgustafsson.se\/?p=14061\">Forts\u00e4tt l\u00e4sa <span class=\"meta-nav\">&rarr;<\/span><\/a><\/p>\n","protected":false},"author":1,"featured_media":0,"comment_status":"open","ping_status":"closed","sticky":false,"template":"","format":"standard","meta":{"footnotes":""},"categories":[10],"tags":[],"class_list":["post-14061","post","type-post","status-publish","format-standard","hentry","category-vaderdagbok-2013"],"_links":{"self":[{"href":"https:\/\/jensgustafsson.se\/index.php?rest_route=\/wp\/v2\/posts\/14061","targetHints":{"allow":["GET"]}}],"collection":[{"href":"https:\/\/jensgustafsson.se\/index.php?rest_route=\/wp\/v2\/posts"}],"about":[{"href":"https:\/\/jensgustafsson.se\/index.php?rest_route=\/wp\/v2\/types\/post"}],"author":[{"embeddable":true,"href":"https:\/\/jensgustafsson.se\/index.php?rest_route=\/wp\/v2\/users\/1"}],"replies":[{"embeddable":true,"href":"https:\/\/jensgustafsson.se\/index.php?rest_route=%2Fwp%2Fv2%2Fcomments&post=14061"}],"version-history":[{"count":2,"href":"https:\/\/jensgustafsson.se\/index.php?rest_route=\/wp\/v2\/posts\/14061\/revisions"}],"predecessor-version":[{"id":14067,"href":"https:\/\/jensgustafsson.se\/index.php?rest_route=\/wp\/v2\/posts\/14061\/revisions\/14067"}],"wp:attachment":[{"href":"https:\/\/jensgustafsson.se\/index.php?rest_route=%2Fwp%2Fv2%2Fmedia&parent=14061"}],"wp:term":[{"taxonomy":"category","embeddable":true,"href":"https:\/\/jensgustafsson.se\/index.php?rest_route=%2Fwp%2Fv2%2Fcategories&post=14061"},{"taxonomy":"post_tag","embeddable":true,"href":"https:\/\/jensgustafsson.se\/index.php?rest_route=%2Fwp%2Fv2%2Ftags&post=14061"}],"curies":[{"name":"wp","href":"https:\/\/api.w.org\/{rel}","templated":true}]}}