{"id":14193,"date":"2019-11-03T17:10:52","date_gmt":"2019-11-03T16:10:52","guid":{"rendered":"http:\/\/jensgustafsson.se\/?p=14193"},"modified":"2019-11-04T09:10:15","modified_gmt":"2019-11-04T08:10:15","slug":"sondag-3-oktober-2019","status":"publish","type":"post","link":"https:\/\/jensgustafsson.se\/?p=14193","title":{"rendered":"S\u00f6ndag 3 november 2019."},"content":{"rendered":"\n<p class=\"has-text-color has-drop-cap has-medium-font-size has-blue-color\"><em>Idag har det inte varit n\u00e5got riktigt dagsljus p\u00e5 hela dagen. P\u00e5 morgonen mulet, disigt och dimma. Det fortsatte till lunchtid, d\u00e5 dimman byttes ut mot regn, och den varan \u00e4r ju mer \u00e4n v\u00e4lkommen. Regnet forts\u00e4tter nu ikv\u00e4ll.<\/em><\/p>\n\n\n\n<p class=\"has-text-color has-medium-font-size has-blue-color\"> <em>Mintemperaturen blev 5,3\u00b0 och maxtempen 6,9\u00b0, allts\u00e5 n\u00e4stan samma temperatur under de senaste 24 timmarna. Vinden har varit svag, nordostlig idag.<\/em><\/p>\n\n\n\n<p class=\"has-text-color has-medium-font-size has-blue-color\"><em>Loggade v\u00e4derdata fr\u00e5n 20191102 kl.18.00 till 20191103 kl.17.00:<\/em><\/p>\n\n\n\n<p class=\"has-text-color has-medium-font-size has-blue-color\"> <em>Min. temp:    5,3 \u00b0C <br \/> Max. temp:    6,9 \u00b0C<br \/> Min. lufttryck:    976,4   hPa<br \/> Max. lufttryck:    979 hPa<br \/> Domin. vindriktn.:    Nordostlig. <br \/> Maxvind:    4   m\/s.<br \/> Nederb\u00f6rd:    9   mm<\/em><\/p>\n\n\n\n<figure class=\"wp-block-image\"><img loading=\"lazy\" decoding=\"async\" width=\"671\" height=\"351\" src=\"http:\/\/media1.jensgustafsson.se\/2019\/11\/image-18.png\" alt=\"\" class=\"wp-image-14194\" srcset=\"https:\/\/media1.jensgustafsson.se\/2019\/11\/image-18.png 671w, https:\/\/media1.jensgustafsson.se\/2019\/11\/image-18-300x157.png 300w, https:\/\/media1.jensgustafsson.se\/2019\/11\/image-18-500x262.png 500w\" sizes=\"auto, (max-width: 671px) 100vw, 671px\" \/><\/figure>\n\n\n\n<figure class=\"wp-block-image\"><img loading=\"lazy\" decoding=\"async\" width=\"591\" height=\"320\" src=\"http:\/\/media1.jensgustafsson.se\/2019\/11\/image-19.png\" alt=\"\" class=\"wp-image-14195\" srcset=\"https:\/\/media1.jensgustafsson.se\/2019\/11\/image-19.png 591w, https:\/\/media1.jensgustafsson.se\/2019\/11\/image-19-300x162.png 300w, https:\/\/media1.jensgustafsson.se\/2019\/11\/image-19-500x271.png 500w\" sizes=\"auto, (max-width: 591px) 100vw, 591px\" \/><\/figure>\n\n\n\n<figure class=\"wp-block-image\"><img loading=\"lazy\" decoding=\"async\" width=\"654\" height=\"381\" src=\"http:\/\/media1.jensgustafsson.se\/2019\/11\/image-20.png\" alt=\"\" class=\"wp-image-14196\" srcset=\"https:\/\/media1.jensgustafsson.se\/2019\/11\/image-20.png 654w, https:\/\/media1.jensgustafsson.se\/2019\/11\/image-20-300x175.png 300w, https:\/\/media1.jensgustafsson.se\/2019\/11\/image-20-500x291.png 500w\" sizes=\"auto, (max-width: 654px) 100vw, 654px\" \/><\/figure>\n","protected":false},"excerpt":{"rendered":"<p>Idag har det inte varit n\u00e5got riktigt dagsljus p\u00e5 hela dagen. P\u00e5 morgonen mulet, disigt och dimma. Det fortsatte till lunchtid, d\u00e5 dimman byttes ut mot regn, och den varan \u00e4r ju mer \u00e4n v\u00e4lkommen. Regnet forts\u00e4tter nu ikv\u00e4ll. Mintemperaturen &hellip; <a href=\"https:\/\/jensgustafsson.se\/?p=14193\">Forts\u00e4tt l\u00e4sa <span class=\"meta-nav\">&rarr;<\/span><\/a><\/p>\n","protected":false},"author":1,"featured_media":0,"comment_status":"open","ping_status":"closed","sticky":false,"template":"","format":"standard","meta":{"footnotes":""},"categories":[10],"tags":[],"class_list":["post-14193","post","type-post","status-publish","format-standard","hentry","category-vaderdagbok-2013"],"_links":{"self":[{"href":"https:\/\/jensgustafsson.se\/index.php?rest_route=\/wp\/v2\/posts\/14193","targetHints":{"allow":["GET"]}}],"collection":[{"href":"https:\/\/jensgustafsson.se\/index.php?rest_route=\/wp\/v2\/posts"}],"about":[{"href":"https:\/\/jensgustafsson.se\/index.php?rest_route=\/wp\/v2\/types\/post"}],"author":[{"embeddable":true,"href":"https:\/\/jensgustafsson.se\/index.php?rest_route=\/wp\/v2\/users\/1"}],"replies":[{"embeddable":true,"href":"https:\/\/jensgustafsson.se\/index.php?rest_route=%2Fwp%2Fv2%2Fcomments&post=14193"}],"version-history":[{"count":2,"href":"https:\/\/jensgustafsson.se\/index.php?rest_route=\/wp\/v2\/posts\/14193\/revisions"}],"predecessor-version":[{"id":14198,"href":"https:\/\/jensgustafsson.se\/index.php?rest_route=\/wp\/v2\/posts\/14193\/revisions\/14198"}],"wp:attachment":[{"href":"https:\/\/jensgustafsson.se\/index.php?rest_route=%2Fwp%2Fv2%2Fmedia&parent=14193"}],"wp:term":[{"taxonomy":"category","embeddable":true,"href":"https:\/\/jensgustafsson.se\/index.php?rest_route=%2Fwp%2Fv2%2Fcategories&post=14193"},{"taxonomy":"post_tag","embeddable":true,"href":"https:\/\/jensgustafsson.se\/index.php?rest_route=%2Fwp%2Fv2%2Ftags&post=14193"}],"curies":[{"name":"wp","href":"https:\/\/api.w.org\/{rel}","templated":true}]}}