{"id":1425,"date":"2013-06-21T19:19:53","date_gmt":"2013-06-21T18:19:53","guid":{"rendered":"http:\/\/jensgustafsson.se\/?p=1425"},"modified":"2020-06-18T14:56:14","modified_gmt":"2020-06-18T13:56:14","slug":"fredag-midsommarafton-21e-juni","status":"publish","type":"post","link":"https:\/\/jensgustafsson.se\/?p=1425","title":{"rendered":"Fredag, Midsommarafton 21:e juni 2013"},"content":{"rendered":"<div id=\"attachment_1426\" style=\"width: 310px\" class=\"wp-caption aligncenter\"><a href=\"http:\/\/media1.jensgustafsson.se\/2013\/06\/IMG_2471.jpg\"><img loading=\"lazy\" decoding=\"async\" aria-describedby=\"caption-attachment-1426\" class=\"size-medium wp-image-1426\" alt=\"Hembygdsg\u00e5rden idag\" src=\"http:\/\/media1.jensgustafsson.se\/2013\/06\/IMG_2471-300x225.jpg\" width=\"300\" height=\"225\" srcset=\"https:\/\/media1.jensgustafsson.se\/2013\/06\/IMG_2471-300x225.jpg 300w, https:\/\/media1.jensgustafsson.se\/2013\/06\/IMG_2471-1024x768.jpg 1024w, https:\/\/media1.jensgustafsson.se\/2013\/06\/IMG_2471-400x300.jpg 400w, https:\/\/media1.jensgustafsson.se\/2013\/06\/IMG_2471.jpg 1600w\" sizes=\"auto, (max-width: 300px) 100vw, 300px\" \/><\/a><p id=\"caption-attachment-1426\" class=\"wp-caption-text\"><\/em> <em>Hembygdsg\u00e5rden idag<\/em><\/p><\/div>\n<p><em>Det har varit lite varierande v\u00e4der idag, det b\u00f6rjade med bara l\u00e4tt molnighet, men disigt. Vid 10-tiden mulnade det hastigt, och \u00e5skan h\u00f6rdes p\u00e5 avst\u00e5nd, och det b\u00f6rjade regna. Det h\u00f6ll p\u00e5 en stund, och efter det s\u00e5 har solen varit framme en hel del, men molnen g\u00e5r och kommer. V\u00e4rmen kan vi ju inte klaga p\u00e5 idag heller, ljummiga vindar, och \u00e5ter en ljummig kv\u00e4ll nu, s\u00e5 jag tycker nog att vi f\u00e5r vara n\u00f6jda med denna midsommaraftonens v\u00e4der. H\u00e4r kommer d\u00e5 de senaste 24 timmarnas v\u00e4dersiffror:<\/em><\/p>\n<table width=\"324\" border=\"0\" cellspacing=\"0\" cellpadding=\"0\">\n<colgroup>\n<col width=\"191\"\/>\n<col width=\"69\"\/>\n<col width=\"64\"\/><\/colgroup>\n<tbody>\n<tr>\n<td width=\"191\" height=\"19\"><em>20130621 &nbsp; kl.<\/em><\/td>\n<td width=\"69\"><em>20.10<\/em><\/td>\n<td width=\"64\"><em>&nbsp;<\/em><\/td>\n<\/tr>\n<tr>\n<td height=\"19\"><em>Aktuell temp:<\/em><\/td>\n<td><em>23,4<\/em><\/td>\n<td><em>\u00b0C<\/em><\/td>\n<\/tr>\n<tr>\n<td height=\"19\"><em>Mintemp:<\/em><\/td>\n<td><em>14,6<\/em><\/td>\n<td><em>\u00b0C<\/em><\/td>\n<\/tr>\n<tr>\n<td height=\"19\"><em>Maxtemp:<\/em><\/td>\n<td><em>24,6<\/em><\/td>\n<td><em>\u00b0C<\/em><\/td>\n<\/tr>\n<tr>\n<td height=\"19\"><em>Temp. i vinden<\/em><\/td>\n<td><em>23,1<\/em><\/td>\n<td><em>\u00b0C<\/em><\/td>\n<\/tr>\n<tr>\n<td height=\"19\"><em>Mintemp i vinden<\/em><\/td>\n<td><em>14,6<\/em><\/td>\n<td><em>\u00b0C<\/em><\/td>\n<\/tr>\n<tr>\n<td height=\"19\"><em>Luftfuktigh:<\/em><\/td>\n<td><em>71<\/em><\/td>\n<td><em>%<\/em><\/td>\n<\/tr>\n<tr>\n<td height=\"19\"><em>Min.<\/em><\/td>\n<td><em>68<\/em><\/td>\n<td><em>%<\/em><\/td>\n<\/tr>\n<tr>\n<td height=\"19\"><em>Max.<\/em><\/td>\n<td><em>87<\/em><\/td>\n<td><em>%<\/em><\/td>\n<\/tr>\n<tr>\n<td height=\"20\"><em>Lufttryck:<\/em><\/td>\n<td><em>1006,4<\/em><\/td>\n<td><em>hPa<\/em><\/td>\n<\/tr>\n<tr>\n<td height=\"20\"><em>Min.<\/em><\/td>\n<td><em>1006,1<\/em><\/td>\n<td><em>hPa<\/em><\/td>\n<\/tr>\n<tr>\n<td height=\"20\"><em>Max.<\/em><\/td>\n<td><em>1013,8<\/em><\/td>\n<td><em>hPa<\/em><\/td>\n<\/tr>\n<tr>\n<td height=\"20\"><em>Vindriktning:<\/em><\/td>\n<td colspan=\"2\"><em>Sydostlig.<\/em><\/td>\n<\/tr>\n<tr>\n<td height=\"19\"><em>Vindhast.<\/em><\/td>\n<td><em>2<\/em><\/td>\n<td><em>m\/s<\/em><\/td>\n<\/tr>\n<tr>\n<td height=\"19\"><em>Maxvind:<\/em><\/td>\n<td><em>5<\/em><\/td>\n<td><em>m\/s<\/em><\/td>\n<\/tr>\n<tr>\n<td height=\"19\"><em>Nederb\u00f6rd:<\/em><\/td>\n<td><em>1,5<\/em><\/td>\n<td><em>mm<\/em><\/td>\n<\/tr>\n<\/tbody>\n<\/table>\n<p>&nbsp;<\/p>\n","protected":false},"excerpt":{"rendered":"<p>Det har varit lite varierande v\u00e4der idag, det b\u00f6rjade med bara l\u00e4tt molnighet, men disigt. Vid 10-tiden mulnade det hastigt, och \u00e5skan h\u00f6rdes p\u00e5 avst\u00e5nd, och det b\u00f6rjade regna. Det h\u00f6ll p\u00e5 en stund, och efter det s\u00e5 har solen &hellip; <a href=\"https:\/\/jensgustafsson.se\/?p=1425\">Forts\u00e4tt l\u00e4sa <span class=\"meta-nav\">&rarr;<\/span><\/a><\/p>\n","protected":false},"author":1,"featured_media":0,"comment_status":"open","ping_status":"open","sticky":false,"template":"","format":"standard","meta":{"footnotes":""},"categories":[10],"tags":[],"class_list":["post-1425","post","type-post","status-publish","format-standard","hentry","category-vaderdagbok-2013"],"_links":{"self":[{"href":"https:\/\/jensgustafsson.se\/index.php?rest_route=\/wp\/v2\/posts\/1425","targetHints":{"allow":["GET"]}}],"collection":[{"href":"https:\/\/jensgustafsson.se\/index.php?rest_route=\/wp\/v2\/posts"}],"about":[{"href":"https:\/\/jensgustafsson.se\/index.php?rest_route=\/wp\/v2\/types\/post"}],"author":[{"embeddable":true,"href":"https:\/\/jensgustafsson.se\/index.php?rest_route=\/wp\/v2\/users\/1"}],"replies":[{"embeddable":true,"href":"https:\/\/jensgustafsson.se\/index.php?rest_route=%2Fwp%2Fv2%2Fcomments&post=1425"}],"version-history":[{"count":4,"href":"https:\/\/jensgustafsson.se\/index.php?rest_route=\/wp\/v2\/posts\/1425\/revisions"}],"predecessor-version":[{"id":17017,"href":"https:\/\/jensgustafsson.se\/index.php?rest_route=\/wp\/v2\/posts\/1425\/revisions\/17017"}],"wp:attachment":[{"href":"https:\/\/jensgustafsson.se\/index.php?rest_route=%2Fwp%2Fv2%2Fmedia&parent=1425"}],"wp:term":[{"taxonomy":"category","embeddable":true,"href":"https:\/\/jensgustafsson.se\/index.php?rest_route=%2Fwp%2Fv2%2Fcategories&post=1425"},{"taxonomy":"post_tag","embeddable":true,"href":"https:\/\/jensgustafsson.se\/index.php?rest_route=%2Fwp%2Fv2%2Ftags&post=1425"}],"curies":[{"name":"wp","href":"https:\/\/api.w.org\/{rel}","templated":true}]}}