{"id":1601,"date":"2013-07-21T20:50:19","date_gmt":"2013-07-21T19:50:19","guid":{"rendered":"http:\/\/jensgustafsson.se\/?p=1601"},"modified":"2013-07-21T20:50:19","modified_gmt":"2013-07-21T19:50:19","slug":"sondag-21e-juli","status":"publish","type":"post","link":"https:\/\/jensgustafsson.se\/?p=1601","title":{"rendered":"S\u00f6ndag 21:e juli"},"content":{"rendered":"<div id=\"attachment_1602\" style=\"width: 310px\" class=\"wp-caption aligncenter\"><a href=\"http:\/\/media1.jensgustafsson.se\/2013\/07\/IMG_2873.jpg\"><img loading=\"lazy\" decoding=\"async\" aria-describedby=\"caption-attachment-1602\" class=\"size-medium wp-image-1602\" alt=\"\u00c4nnu en fin sommarkv\u00e4ll.\" src=\"http:\/\/media1.jensgustafsson.se\/2013\/07\/IMG_2873-300x225.jpg\" width=\"300\" height=\"225\" srcset=\"https:\/\/media1.jensgustafsson.se\/2013\/07\/IMG_2873-300x225.jpg 300w, https:\/\/media1.jensgustafsson.se\/2013\/07\/IMG_2873-400x300.jpg 400w, https:\/\/media1.jensgustafsson.se\/2013\/07\/IMG_2873.jpg 640w\" sizes=\"auto, (max-width: 300px) 100vw, 300px\" \/><\/a><p id=\"caption-attachment-1602\" class=\"wp-caption-text\"><\/em> <em>\u00c4nnu en fin sommarkv\u00e4ll.<\/em><\/p><\/div>\n<p><em>\u00c4nnu en varm och solig h\u00f6gsommardag, med bara n\u00e5gra &#8221;sommarmoln&#8221; som dragit f\u00f6rbi och gett lite tillf\u00e4llig skugga.<\/em><\/p>\n<table width=\"324\" border=\"0\" cellspacing=\"0\" cellpadding=\"0\">\n<colgroup>\n<col width=\"191\" \/>\n<col width=\"69\" \/>\n<col width=\"64\" \/><\/colgroup>\n<tbody>\n<tr>\n<td width=\"191\" height=\"19\"><em>20130721 \u00a0 kl.<\/em><\/td>\n<td width=\"69\"><em>21.45<\/em><\/td>\n<td width=\"64\"><em>\u00a0<\/em><\/td>\n<\/tr>\n<tr>\n<td height=\"19\"><em>Aktuell temp:<\/em><\/td>\n<td><em>19,8<\/em><\/td>\n<td><em>\u00b0C<\/em><\/td>\n<\/tr>\n<tr>\n<td height=\"19\"><em>Mintemp:<\/em><\/td>\n<td><em>12,1<\/em><\/td>\n<td><em>\u00b0C<\/em><\/td>\n<\/tr>\n<tr>\n<td height=\"19\"><em>Maxtemp:<\/em><\/td>\n<td><em>27,8<\/em><\/td>\n<td><em>\u00b0C<\/em><\/td>\n<\/tr>\n<tr>\n<td height=\"19\"><em>Temp. i vinden<\/em><\/td>\n<td><em>19,8<\/em><\/td>\n<td><em>\u00b0C<\/em><\/td>\n<\/tr>\n<tr>\n<td height=\"19\"><em>Mintemp i vinden<\/em><\/td>\n<td><em>12,1<\/em><\/td>\n<td><em>\u00b0C<\/em><\/td>\n<\/tr>\n<tr>\n<td height=\"19\"><em>Luftfuktigh:<\/em><\/td>\n<td><em>66<\/em><\/td>\n<td><em>%<\/em><\/td>\n<\/tr>\n<tr>\n<td height=\"19\"><em>Min.<\/em><\/td>\n<td><em>41<\/em><\/td>\n<td><em>%<\/em><\/td>\n<\/tr>\n<tr>\n<td height=\"19\"><em>Max.<\/em><\/td>\n<td><em>83<\/em><\/td>\n<td><em>%<\/em><\/td>\n<\/tr>\n<tr>\n<td height=\"20\"><em>Lufttryck:<\/em><\/td>\n<td><em>1018,7<\/em><\/td>\n<td><em>hPa<\/em><\/td>\n<\/tr>\n<tr>\n<td height=\"20\"><em>Min.<\/em><\/td>\n<td><em>1017,2<\/em><\/td>\n<td><em>hPa<\/em><\/td>\n<\/tr>\n<tr>\n<td height=\"20\"><em>Max.<\/em><\/td>\n<td><em>1019,1<\/em><\/td>\n<td><em>hPa<\/em><\/td>\n<\/tr>\n<tr>\n<td height=\"20\"><em>Vindriktning:<\/em><\/td>\n<td colspan=\"2\"><em>Sydostlig<\/em><\/td>\n<\/tr>\n<tr>\n<td height=\"19\"><em>Vindhast.<\/em><\/td>\n<td><em>1<\/em><\/td>\n<td><em>m\/s<\/em><\/td>\n<\/tr>\n<tr>\n<td height=\"19\"><em>Maxvind:<\/em><\/td>\n<td><em>6<\/em><\/td>\n<td><em>m\/s<\/em><\/td>\n<\/tr>\n<tr>\n<td height=\"19\"><em>Nederb\u00f6rd:<\/em><\/td>\n<td><em>0<\/em><\/td>\n<td><em>mm<\/em><\/td>\n<\/tr>\n<\/tbody>\n<\/table>\n<p>&nbsp;<\/p>\n","protected":false},"excerpt":{"rendered":"<p>\u00c4nnu en varm och solig h\u00f6gsommardag, med bara n\u00e5gra &#8221;sommarmoln&#8221; som dragit f\u00f6rbi och gett lite tillf\u00e4llig skugga. 20130721 \u00a0 kl. 21.45 \u00a0 Aktuell temp: 19,8 \u00b0C Mintemp: 12,1 \u00b0C Maxtemp: 27,8 \u00b0C Temp. i vinden 19,8 \u00b0C Mintemp i &hellip; <a href=\"https:\/\/jensgustafsson.se\/?p=1601\">Forts\u00e4tt l\u00e4sa <span class=\"meta-nav\">&rarr;<\/span><\/a><\/p>\n","protected":false},"author":1,"featured_media":0,"comment_status":"open","ping_status":"open","sticky":false,"template":"","format":"standard","meta":{"footnotes":""},"categories":[10],"tags":[],"class_list":["post-1601","post","type-post","status-publish","format-standard","hentry","category-vaderdagbok-2013"],"_links":{"self":[{"href":"https:\/\/jensgustafsson.se\/index.php?rest_route=\/wp\/v2\/posts\/1601","targetHints":{"allow":["GET"]}}],"collection":[{"href":"https:\/\/jensgustafsson.se\/index.php?rest_route=\/wp\/v2\/posts"}],"about":[{"href":"https:\/\/jensgustafsson.se\/index.php?rest_route=\/wp\/v2\/types\/post"}],"author":[{"embeddable":true,"href":"https:\/\/jensgustafsson.se\/index.php?rest_route=\/wp\/v2\/users\/1"}],"replies":[{"embeddable":true,"href":"https:\/\/jensgustafsson.se\/index.php?rest_route=%2Fwp%2Fv2%2Fcomments&post=1601"}],"version-history":[{"count":1,"href":"https:\/\/jensgustafsson.se\/index.php?rest_route=\/wp\/v2\/posts\/1601\/revisions"}],"predecessor-version":[{"id":1603,"href":"https:\/\/jensgustafsson.se\/index.php?rest_route=\/wp\/v2\/posts\/1601\/revisions\/1603"}],"wp:attachment":[{"href":"https:\/\/jensgustafsson.se\/index.php?rest_route=%2Fwp%2Fv2%2Fmedia&parent=1601"}],"wp:term":[{"taxonomy":"category","embeddable":true,"href":"https:\/\/jensgustafsson.se\/index.php?rest_route=%2Fwp%2Fv2%2Fcategories&post=1601"},{"taxonomy":"post_tag","embeddable":true,"href":"https:\/\/jensgustafsson.se\/index.php?rest_route=%2Fwp%2Fv2%2Ftags&post=1601"}],"curies":[{"name":"wp","href":"https:\/\/api.w.org\/{rel}","templated":true}]}}