{"id":1610,"date":"2013-07-24T20:40:08","date_gmt":"2013-07-24T19:40:08","guid":{"rendered":"http:\/\/jensgustafsson.se\/?p=1610"},"modified":"2013-07-24T20:40:08","modified_gmt":"2013-07-24T19:40:08","slug":"onsdag-24e-juli","status":"publish","type":"post","link":"https:\/\/jensgustafsson.se\/?p=1610","title":{"rendered":"Onsdag 24:e juli"},"content":{"rendered":"<div id=\"attachment_1611\" style=\"width: 310px\" class=\"wp-caption aligncenter\"><a href=\"http:\/\/media1.jensgustafsson.se\/2013\/07\/IMG_2888.jpg\"><img loading=\"lazy\" decoding=\"async\" aria-describedby=\"caption-attachment-1611\" class=\"size-medium wp-image-1611\" alt=\"Bild fr\u00e5n Drageryd ikv\u00e4ll.\" src=\"http:\/\/media1.jensgustafsson.se\/2013\/07\/IMG_2888-300x225.jpg\" width=\"300\" height=\"225\" srcset=\"https:\/\/media1.jensgustafsson.se\/2013\/07\/IMG_2888-300x225.jpg 300w, https:\/\/media1.jensgustafsson.se\/2013\/07\/IMG_2888-400x300.jpg 400w, https:\/\/media1.jensgustafsson.se\/2013\/07\/IMG_2888.jpg 640w\" sizes=\"auto, (max-width: 300px) 100vw, 300px\" \/><\/a><p id=\"caption-attachment-1611\" class=\"wp-caption-text\"><\/em> <em>Bild fr\u00e5n Drageryd ikv\u00e4ll.<\/em><\/p><\/div>\n<p><em>Solen har dominerat idag ocks\u00e5, men det har st\u00e5tt en molnv\u00e4gg i \u00f6ster st\u00f6rre delen av dagen, och i eftermiddag var det lite soldis. V\u00e4rmen h\u00e5ller i sig, och det b\u00f6rjar bli ganska torrt nu.<\/em><\/p>\n<table width=\"325\" border=\"0\" cellspacing=\"0\" cellpadding=\"0\">\n<colgroup>\n<col width=\"191\" \/>\n<col width=\"70\" \/>\n<col width=\"64\" \/><\/colgroup>\n<tbody>\n<tr>\n<td width=\"191\" height=\"19\"><em>20130724 \u00a0 kl.<\/em><\/td>\n<td width=\"70\"><em>21.30<\/em><\/td>\n<td width=\"64\"><em>\u00a0<\/em><\/td>\n<\/tr>\n<tr>\n<td height=\"19\"><em>Aktuell temp:<\/em><\/td>\n<td><em>19,8<\/em><\/td>\n<td><em>\u00b0C<\/em><\/td>\n<\/tr>\n<tr>\n<td height=\"19\"><em>Mintemp:<\/em><\/td>\n<td><em>14<\/em><\/td>\n<td><em>\u00b0C<\/em><\/td>\n<\/tr>\n<tr>\n<td height=\"19\"><em>Maxtemp:<\/em><\/td>\n<td><em>24,9<\/em><\/td>\n<td><em>\u00b0C<\/em><\/td>\n<\/tr>\n<tr>\n<td height=\"19\"><em>Temp. i vinden<\/em><\/td>\n<td><em>19,8<\/em><\/td>\n<td><em>\u00b0C<\/em><\/td>\n<\/tr>\n<tr>\n<td height=\"19\"><em>Mintemp i vinden<\/em><\/td>\n<td><em>13,3<\/em><\/td>\n<td><em>\u00b0C<\/em><\/td>\n<\/tr>\n<tr>\n<td height=\"19\"><em>Luftfuktigh:<\/em><\/td>\n<td><em>71<\/em><\/td>\n<td><em>%<\/em><\/td>\n<\/tr>\n<tr>\n<td height=\"19\"><em>Min.<\/em><\/td>\n<td><em>55<\/em><\/td>\n<td><em>%<\/em><\/td>\n<\/tr>\n<tr>\n<td height=\"19\"><em>Max.<\/em><\/td>\n<td><em>76<\/em><\/td>\n<td><em>%<\/em><\/td>\n<\/tr>\n<tr>\n<td height=\"20\"><em>Lufttryck:<\/em><\/td>\n<td><em>1015,5<\/em><\/td>\n<td><em>hPa<\/em><\/td>\n<\/tr>\n<tr>\n<td height=\"20\"><em>Min.<\/em><\/td>\n<td><em>1014,9<\/em><\/td>\n<td><em>hPa<\/em><\/td>\n<\/tr>\n<tr>\n<td height=\"20\"><em>Max.<\/em><\/td>\n<td><em>1016,2<\/em><\/td>\n<td><em>hPa<\/em><\/td>\n<\/tr>\n<tr>\n<td height=\"20\"><em>Vindriktning:<\/em><\/td>\n<td colspan=\"2\"><em>Nordv\u00e4stlig.<\/em><\/td>\n<\/tr>\n<tr>\n<td height=\"19\"><em>Vindhast.<\/em><\/td>\n<td><em>0<\/em><\/td>\n<td><em>m\/s<\/em><\/td>\n<\/tr>\n<tr>\n<td height=\"19\"><em>Maxvind:<\/em><\/td>\n<td><em>5<\/em><\/td>\n<td><em>m\/s<\/em><\/td>\n<\/tr>\n<tr>\n<td height=\"19\"><em>Nederb\u00f6rd:<\/em><\/td>\n<td><em>0<\/em><\/td>\n<td><em>mm<\/em><\/td>\n<\/tr>\n<\/tbody>\n<\/table>\n<p>&nbsp;<\/p>\n","protected":false},"excerpt":{"rendered":"<p>Solen har dominerat idag ocks\u00e5, men det har st\u00e5tt en molnv\u00e4gg i \u00f6ster st\u00f6rre delen av dagen, och i eftermiddag var det lite soldis. V\u00e4rmen h\u00e5ller i sig, och det b\u00f6rjar bli ganska torrt nu. 20130724 \u00a0 kl. 21.30 \u00a0 &hellip; <a href=\"https:\/\/jensgustafsson.se\/?p=1610\">Forts\u00e4tt l\u00e4sa <span class=\"meta-nav\">&rarr;<\/span><\/a><\/p>\n","protected":false},"author":1,"featured_media":0,"comment_status":"open","ping_status":"open","sticky":false,"template":"","format":"standard","meta":{"footnotes":""},"categories":[10],"tags":[],"class_list":["post-1610","post","type-post","status-publish","format-standard","hentry","category-vaderdagbok-2013"],"_links":{"self":[{"href":"https:\/\/jensgustafsson.se\/index.php?rest_route=\/wp\/v2\/posts\/1610","targetHints":{"allow":["GET"]}}],"collection":[{"href":"https:\/\/jensgustafsson.se\/index.php?rest_route=\/wp\/v2\/posts"}],"about":[{"href":"https:\/\/jensgustafsson.se\/index.php?rest_route=\/wp\/v2\/types\/post"}],"author":[{"embeddable":true,"href":"https:\/\/jensgustafsson.se\/index.php?rest_route=\/wp\/v2\/users\/1"}],"replies":[{"embeddable":true,"href":"https:\/\/jensgustafsson.se\/index.php?rest_route=%2Fwp%2Fv2%2Fcomments&post=1610"}],"version-history":[{"count":1,"href":"https:\/\/jensgustafsson.se\/index.php?rest_route=\/wp\/v2\/posts\/1610\/revisions"}],"predecessor-version":[{"id":1612,"href":"https:\/\/jensgustafsson.se\/index.php?rest_route=\/wp\/v2\/posts\/1610\/revisions\/1612"}],"wp:attachment":[{"href":"https:\/\/jensgustafsson.se\/index.php?rest_route=%2Fwp%2Fv2%2Fmedia&parent=1610"}],"wp:term":[{"taxonomy":"category","embeddable":true,"href":"https:\/\/jensgustafsson.se\/index.php?rest_route=%2Fwp%2Fv2%2Fcategories&post=1610"},{"taxonomy":"post_tag","embeddable":true,"href":"https:\/\/jensgustafsson.se\/index.php?rest_route=%2Fwp%2Fv2%2Ftags&post=1610"}],"curies":[{"name":"wp","href":"https:\/\/api.w.org\/{rel}","templated":true}]}}