{"id":16109,"date":"2020-03-25T19:46:57","date_gmt":"2020-03-25T18:46:57","guid":{"rendered":"http:\/\/jensgustafsson.se\/?p=16109"},"modified":"2020-03-25T19:46:57","modified_gmt":"2020-03-25T18:46:57","slug":"onsdag-25-mars-2020","status":"publish","type":"post","link":"https:\/\/jensgustafsson.se\/?p=16109","title":{"rendered":"Onsdag 25 mars 2020."},"content":{"rendered":"\n<p class=\"has-text-color has-background has-medium-font-size has-blue-color has-light-gray-background-color\"> <em>Idag har vi haft den varmaste dagen s\u00e5h\u00e4r l\u00e5ngt i \u00e5r, +11,9\u00b0 blev maxtemperaturen. Mintemperaturen stannade p\u00e5 +0,2\u00b0, s\u00e5 allts\u00e5 inget frostdygn, men n\u00e4ra \u00f6gat var det. Solen har lyst hela dagen, obetydligt st\u00f6rd av n\u00e5gra h\u00f6ga skyar bara. Vinden m\u00e5ttlig till frisk, sydv\u00e4stlig.<\/em><\/p>\n\n\n\n<figure class=\"wp-block-image size-large is-resized\"><img loading=\"lazy\" decoding=\"async\" src=\"http:\/\/media1.jensgustafsson.se\/2020\/03\/image-94.png\" alt=\"\" class=\"wp-image-16110\" width=\"895\" height=\"386\" srcset=\"https:\/\/media1.jensgustafsson.se\/2020\/03\/image-94.png 895w, https:\/\/media1.jensgustafsson.se\/2020\/03\/image-94-300x129.png 300w, https:\/\/media1.jensgustafsson.se\/2020\/03\/image-94-768x331.png 768w, https:\/\/media1.jensgustafsson.se\/2020\/03\/image-94-500x216.png 500w\" sizes=\"auto, (max-width: 895px) 100vw, 895px\" \/><\/figure>\n\n\n\n<figure class=\"wp-block-image size-large\"><img loading=\"lazy\" decoding=\"async\" width=\"1024\" height=\"683\" src=\"http:\/\/media1.jensgustafsson.se\/2020\/03\/DSC_6396-1024x683.jpg\" alt=\"\" class=\"wp-image-16117\" srcset=\"https:\/\/media1.jensgustafsson.se\/2020\/03\/DSC_6396-1024x683.jpg 1024w, https:\/\/media1.jensgustafsson.se\/2020\/03\/DSC_6396-300x200.jpg 300w, https:\/\/media1.jensgustafsson.se\/2020\/03\/DSC_6396-768x512.jpg 768w, https:\/\/media1.jensgustafsson.se\/2020\/03\/DSC_6396-1536x1024.jpg 1536w, https:\/\/media1.jensgustafsson.se\/2020\/03\/DSC_6396-2048x1365.jpg 2048w, https:\/\/media1.jensgustafsson.se\/2020\/03\/DSC_6396-450x300.jpg 450w\" sizes=\"auto, (max-width: 1024px) 100vw, 1024px\" \/><figcaption><strong><em>Mosippor i solskenet idag.<\/em><\/strong><\/figcaption><\/figure>\n\n\n\n<figure class=\"wp-block-image size-large\"><img loading=\"lazy\" decoding=\"async\" width=\"1024\" height=\"838\" src=\"http:\/\/media1.jensgustafsson.se\/2020\/03\/DSC_6360-1024x838.jpg\" alt=\"\" class=\"wp-image-16116\" srcset=\"https:\/\/media1.jensgustafsson.se\/2020\/03\/DSC_6360-1024x838.jpg 1024w, https:\/\/media1.jensgustafsson.se\/2020\/03\/DSC_6360-300x245.jpg 300w, https:\/\/media1.jensgustafsson.se\/2020\/03\/DSC_6360-768x628.jpg 768w, https:\/\/media1.jensgustafsson.se\/2020\/03\/DSC_6360-1536x1256.jpg 1536w, https:\/\/media1.jensgustafsson.se\/2020\/03\/DSC_6360-367x300.jpg 367w, https:\/\/media1.jensgustafsson.se\/2020\/03\/DSC_6360.jpg 1856w\" sizes=\"auto, (max-width: 1024px) 100vw, 1024px\" \/><figcaption><strong><em>G\u00e4rdsmyg p\u00e5 f\u00f6rmiddagen idag.<\/em><\/strong><\/figcaption><\/figure>\n\n\n\n<figure class=\"wp-block-image size-large\"><img loading=\"lazy\" decoding=\"async\" width=\"1024\" height=\"683\" src=\"http:\/\/media1.jensgustafsson.se\/2020\/03\/DSC_6436-1024x683.jpg\" alt=\"\" class=\"wp-image-16115\" srcset=\"https:\/\/media1.jensgustafsson.se\/2020\/03\/DSC_6436-1024x683.jpg 1024w, https:\/\/media1.jensgustafsson.se\/2020\/03\/DSC_6436-300x200.jpg 300w, https:\/\/media1.jensgustafsson.se\/2020\/03\/DSC_6436-768x512.jpg 768w, https:\/\/media1.jensgustafsson.se\/2020\/03\/DSC_6436-1536x1024.jpg 1536w, https:\/\/media1.jensgustafsson.se\/2020\/03\/DSC_6436-2048x1365.jpg 2048w, https:\/\/media1.jensgustafsson.se\/2020\/03\/DSC_6436-450x300.jpg 450w\" sizes=\"auto, (max-width: 1024px) 100vw, 1024px\" \/><figcaption><strong><em>Efter solnedg\u00e5ngen ikv\u00e4ll.<\/em><\/strong><\/figcaption><\/figure>\n\n\n\n<figure class=\"wp-block-image size-large\"><img loading=\"lazy\" decoding=\"async\" width=\"1024\" height=\"567\" src=\"http:\/\/media1.jensgustafsson.se\/2020\/03\/DSC_6413-1024x567.jpg\" alt=\"\" class=\"wp-image-16114\" srcset=\"https:\/\/media1.jensgustafsson.se\/2020\/03\/DSC_6413-1024x567.jpg 1024w, https:\/\/media1.jensgustafsson.se\/2020\/03\/DSC_6413-300x166.jpg 300w, https:\/\/media1.jensgustafsson.se\/2020\/03\/DSC_6413-768x425.jpg 768w, https:\/\/media1.jensgustafsson.se\/2020\/03\/DSC_6413-1536x851.jpg 1536w, https:\/\/media1.jensgustafsson.se\/2020\/03\/DSC_6413-2048x1134.jpg 2048w, https:\/\/media1.jensgustafsson.se\/2020\/03\/DSC_6413-500x277.jpg 500w\" sizes=\"auto, (max-width: 1024px) 100vw, 1024px\" \/><figcaption><strong><em>Vattnet fr\u00e5n den \u00f6versv\u00e4mmade N\u00f6t\u00e5n, som var p\u00e5 den h\u00e4r \u00e5kern, sj\u00f6nk undan snabbt, precis som det gjorde f\u00f6rra \u00e5ret vid den h\u00e4r tiden.<\/em><\/strong><\/figcaption><\/figure>\n\n\n\n<p class=\"has-text-color has-background has-medium-font-size has-blue-color has-light-gray-background-color\"><em>Loggade v\u00e4derdata fr\u00e5n 20200324 kl.17.00 till 20200325 kl.19.00:<\/em><\/p>\n\n\n\n<p class=\"has-text-color has-background has-medium-font-size has-blue-color has-light-gray-background-color\"> <em>Min. temp:    0,2 \u00b0C  <br \/> Max. temp:    11,9    \u00b0C  <br \/> Min. lufttryck:    1016,6  hPa (fallande nu)   <br \/> Max. lufttryck:    1019,6  hPa     <br \/> Min.luftfuktigh.    33  %   <br \/> Max.luftfuktigh.    67  %   <br \/> Domin. vindriktn.:    Sydv\u00e4stlig.     <br \/> Maxvind:    10  m\/s.    <br \/> Nederb\u00f6rd:    0   mm  <br \/> Sn\u00f6djup:    Barmark cm  <br \/> Meteorologisk \u00e5rstid:    V\u00e5r     <br \/> Kalendarisk \u00e5rstid:    V\u00e5r     <\/em><\/p>\n\n\n\n<figure class=\"wp-block-image size-large is-resized\"><img loading=\"lazy\" decoding=\"async\" src=\"http:\/\/media1.jensgustafsson.se\/2020\/03\/image-95.png\" alt=\"\" class=\"wp-image-16111\" width=\"827\" height=\"350\" srcset=\"https:\/\/media1.jensgustafsson.se\/2020\/03\/image-95.png 827w, https:\/\/media1.jensgustafsson.se\/2020\/03\/image-95-300x127.png 300w, https:\/\/media1.jensgustafsson.se\/2020\/03\/image-95-768x325.png 768w, https:\/\/media1.jensgustafsson.se\/2020\/03\/image-95-500x212.png 500w\" sizes=\"auto, (max-width: 827px) 100vw, 827px\" \/><\/figure>\n\n\n\n<figure class=\"wp-block-image size-large is-resized\"><img loading=\"lazy\" decoding=\"async\" src=\"http:\/\/media1.jensgustafsson.se\/2020\/03\/image-96.png\" alt=\"\" class=\"wp-image-16112\" width=\"831\" height=\"314\" srcset=\"https:\/\/media1.jensgustafsson.se\/2020\/03\/image-96.png 831w, https:\/\/media1.jensgustafsson.se\/2020\/03\/image-96-300x113.png 300w, https:\/\/media1.jensgustafsson.se\/2020\/03\/image-96-768x290.png 768w, https:\/\/media1.jensgustafsson.se\/2020\/03\/image-96-500x189.png 500w\" sizes=\"auto, (max-width: 831px) 100vw, 831px\" \/><\/figure>\n","protected":false},"excerpt":{"rendered":"<p>Idag har vi haft den varmaste dagen s\u00e5h\u00e4r l\u00e5ngt i \u00e5r, +11,9\u00b0 blev maxtemperaturen. Mintemperaturen stannade p\u00e5 +0,2\u00b0, s\u00e5 allts\u00e5 inget frostdygn, men n\u00e4ra \u00f6gat var det. Solen har lyst hela dagen, obetydligt st\u00f6rd av n\u00e5gra h\u00f6ga skyar bara. Vinden &hellip; <a href=\"https:\/\/jensgustafsson.se\/?p=16109\">Forts\u00e4tt l\u00e4sa <span class=\"meta-nav\">&rarr;<\/span><\/a><\/p>\n","protected":false},"author":1,"featured_media":0,"comment_status":"open","ping_status":"closed","sticky":false,"template":"","format":"standard","meta":{"footnotes":""},"categories":[10],"tags":[],"class_list":["post-16109","post","type-post","status-publish","format-standard","hentry","category-vaderdagbok-2013"],"_links":{"self":[{"href":"https:\/\/jensgustafsson.se\/index.php?rest_route=\/wp\/v2\/posts\/16109","targetHints":{"allow":["GET"]}}],"collection":[{"href":"https:\/\/jensgustafsson.se\/index.php?rest_route=\/wp\/v2\/posts"}],"about":[{"href":"https:\/\/jensgustafsson.se\/index.php?rest_route=\/wp\/v2\/types\/post"}],"author":[{"embeddable":true,"href":"https:\/\/jensgustafsson.se\/index.php?rest_route=\/wp\/v2\/users\/1"}],"replies":[{"embeddable":true,"href":"https:\/\/jensgustafsson.se\/index.php?rest_route=%2Fwp%2Fv2%2Fcomments&post=16109"}],"version-history":[{"count":2,"href":"https:\/\/jensgustafsson.se\/index.php?rest_route=\/wp\/v2\/posts\/16109\/revisions"}],"predecessor-version":[{"id":16118,"href":"https:\/\/jensgustafsson.se\/index.php?rest_route=\/wp\/v2\/posts\/16109\/revisions\/16118"}],"wp:attachment":[{"href":"https:\/\/jensgustafsson.se\/index.php?rest_route=%2Fwp%2Fv2%2Fmedia&parent=16109"}],"wp:term":[{"taxonomy":"category","embeddable":true,"href":"https:\/\/jensgustafsson.se\/index.php?rest_route=%2Fwp%2Fv2%2Fcategories&post=16109"},{"taxonomy":"post_tag","embeddable":true,"href":"https:\/\/jensgustafsson.se\/index.php?rest_route=%2Fwp%2Fv2%2Ftags&post=16109"}],"curies":[{"name":"wp","href":"https:\/\/api.w.org\/{rel}","templated":true}]}}