{"id":21462,"date":"2021-07-16T18:04:21","date_gmt":"2021-07-16T17:04:21","guid":{"rendered":"https:\/\/jensgustafsson.se\/?p=21462"},"modified":"2021-07-16T18:04:21","modified_gmt":"2021-07-16T17:04:21","slug":"fredag-16-juli-2021","status":"publish","type":"post","link":"https:\/\/jensgustafsson.se\/?p=21462","title":{"rendered":"Fredag 16 juli 2021."},"content":{"rendered":"\n<figure class=\"wp-block-image size-large\"><img loading=\"lazy\" decoding=\"async\" width=\"901\" height=\"423\" src=\"https:\/\/media1.jensgustafsson.se\/2021\/07\/image-58.png\" alt=\"\" class=\"wp-image-21463\" srcset=\"https:\/\/media1.jensgustafsson.se\/2021\/07\/image-58.png 901w, https:\/\/media1.jensgustafsson.se\/2021\/07\/image-58-300x141.png 300w, https:\/\/media1.jensgustafsson.se\/2021\/07\/image-58-768x361.png 768w, https:\/\/media1.jensgustafsson.se\/2021\/07\/image-58-500x235.png 500w\" sizes=\"auto, (max-width: 901px) 100vw, 901px\" \/><\/figure>\n\n\n\n<p class=\"has-blue-color has-light-gray-background-color has-text-color has-background has-medium-font-size\"> <em>Som vi ser i diagrammet ovan, s\u00e5 blev det en tropisk natt vi fick efter den mycket varma dagen ig\u00e5r. \u00c5skmuller h\u00f6rdes p\u00e5 avst\u00e5nd under f\u00f6rnatten. Idag har det varit behagligare v\u00e4rme, med  en temperaturs\u00e4nkning p\u00e5 ca 8 grader. Vinden har friskat i lite ocks\u00e5 och gjort att det k\u00e4nns friskare i luften. Molnen har dominerat p\u00e5 f\u00f6rmiddagen, mera sol under eftermiddagen.<\/em><\/p>\n\n\n\n<figure class=\"wp-block-image size-large\"><img loading=\"lazy\" decoding=\"async\" width=\"1024\" height=\"683\" src=\"https:\/\/media1.jensgustafsson.se\/2021\/07\/DSC_8896-1024x683.jpg\" alt=\"\" class=\"wp-image-21467\" srcset=\"https:\/\/media1.jensgustafsson.se\/2021\/07\/DSC_8896-1024x683.jpg 1024w, https:\/\/media1.jensgustafsson.se\/2021\/07\/DSC_8896-300x200.jpg 300w, https:\/\/media1.jensgustafsson.se\/2021\/07\/DSC_8896-768x512.jpg 768w, https:\/\/media1.jensgustafsson.se\/2021\/07\/DSC_8896-1536x1024.jpg 1536w, https:\/\/media1.jensgustafsson.se\/2021\/07\/DSC_8896-2048x1365.jpg 2048w, https:\/\/media1.jensgustafsson.se\/2021\/07\/DSC_8896-450x300.jpg 450w\" sizes=\"auto, (max-width: 1024px) 100vw, 1024px\" \/><figcaption><strong><em>Vid Ryningsn\u00e4s i eftermiddag.<\/em><\/strong><\/figcaption><\/figure>\n\n\n\n<figure class=\"wp-block-image size-large\"><img loading=\"lazy\" decoding=\"async\" width=\"1024\" height=\"651\" src=\"https:\/\/media1.jensgustafsson.se\/2021\/07\/DSC_8887-Mindre-guldvinge-1024x651.jpg\" alt=\"\" class=\"wp-image-21468\" srcset=\"https:\/\/media1.jensgustafsson.se\/2021\/07\/DSC_8887-Mindre-guldvinge-1024x651.jpg 1024w, https:\/\/media1.jensgustafsson.se\/2021\/07\/DSC_8887-Mindre-guldvinge-300x191.jpg 300w, https:\/\/media1.jensgustafsson.se\/2021\/07\/DSC_8887-Mindre-guldvinge-768x488.jpg 768w, https:\/\/media1.jensgustafsson.se\/2021\/07\/DSC_8887-Mindre-guldvinge-1536x976.jpg 1536w, https:\/\/media1.jensgustafsson.se\/2021\/07\/DSC_8887-Mindre-guldvinge-2048x1302.jpg 2048w, https:\/\/media1.jensgustafsson.se\/2021\/07\/DSC_8887-Mindre-guldvinge-472x300.jpg 472w\" sizes=\"auto, (max-width: 1024px) 100vw, 1024px\" \/><figcaption><strong><em>Mindre guldvingefj\u00e4ril.<\/em><\/strong><\/figcaption><\/figure>\n\n\n\n<p class=\"has-blue-color has-light-gray-background-color has-text-color has-background has-medium-font-size\"><em>Loggade v\u00e4dersiffror fr\u00e5n kl.20.00&nbsp;ig\u00e5r till kl.19.00<\/em>&nbsp;<em>idag<\/em>:<\/p>\n\n\n\n<p class=\"has-blue-color has-light-gray-background-color has-text-color has-background has-medium-font-size\"><em>Min. temp: 20,8 \u00b0C<br \/>Max. temp: 24,6 \u00b0C<br \/>Min. lufttryck: 1017,7 hPa<br \/>Max. lufttryck: 1025,7 hPa (stigande nu)<br \/>Min.luftfuktigh. 55 %<br \/>Max.luftfuktigh. 85 %<br \/>Domin. vindriktn.: Nordostlig.<br \/>Maxvind: 5 m\/s.<br \/>Nederb\u00f6rd: 0 mm<br \/>Meteorologisk \u00e5rstid: Sommar.<br \/>Kalendarisk \u00e5rstid: Sommarm\u00e5nad 2 av 3<\/em><\/p>\n\n\n\n<p class=\"has-blue-color has-light-gray-background-color has-text-color has-background has-medium-font-size\"><em>Julim\u00e5naden genom \u00e5ren 1931-2021, uppdelat i olika referensomr\u00e5den att j\u00e4mf\u00f6ra med:<\/em><\/p>\n\n\n\n<figure class=\"wp-block-image size-large\"><img loading=\"lazy\" decoding=\"async\" width=\"831\" height=\"386\" src=\"https:\/\/media1.jensgustafsson.se\/2021\/07\/image-59.png\" alt=\"\" class=\"wp-image-21464\" srcset=\"https:\/\/media1.jensgustafsson.se\/2021\/07\/image-59.png 831w, https:\/\/media1.jensgustafsson.se\/2021\/07\/image-59-300x139.png 300w, https:\/\/media1.jensgustafsson.se\/2021\/07\/image-59-768x357.png 768w, https:\/\/media1.jensgustafsson.se\/2021\/07\/image-59-500x232.png 500w\" sizes=\"auto, (max-width: 831px) 100vw, 831px\" \/><\/figure>\n\n\n\n<figure class=\"wp-block-image size-large\"><img loading=\"lazy\" decoding=\"async\" width=\"836\" height=\"346\" src=\"https:\/\/media1.jensgustafsson.se\/2021\/07\/image-60.png\" alt=\"\" class=\"wp-image-21465\" srcset=\"https:\/\/media1.jensgustafsson.se\/2021\/07\/image-60.png 836w, https:\/\/media1.jensgustafsson.se\/2021\/07\/image-60-300x124.png 300w, https:\/\/media1.jensgustafsson.se\/2021\/07\/image-60-768x318.png 768w, https:\/\/media1.jensgustafsson.se\/2021\/07\/image-60-500x207.png 500w\" sizes=\"auto, (max-width: 836px) 100vw, 836px\" \/><\/figure>\n","protected":false},"excerpt":{"rendered":"<p>Som vi ser i diagrammet ovan, s\u00e5 blev det en tropisk natt vi fick efter den mycket varma dagen ig\u00e5r. \u00c5skmuller h\u00f6rdes p\u00e5 avst\u00e5nd under f\u00f6rnatten. Idag har det varit behagligare v\u00e4rme, med en temperaturs\u00e4nkning p\u00e5 ca 8 grader. Vinden &hellip; <a href=\"https:\/\/jensgustafsson.se\/?p=21462\">Forts\u00e4tt l\u00e4sa <span class=\"meta-nav\">&rarr;<\/span><\/a><\/p>\n","protected":false},"author":1,"featured_media":0,"comment_status":"closed","ping_status":"","sticky":false,"template":"","format":"standard","meta":{"footnotes":""},"categories":[10],"tags":[],"class_list":["post-21462","post","type-post","status-publish","format-standard","hentry","category-vaderdagbok-2013"],"_links":{"self":[{"href":"https:\/\/jensgustafsson.se\/index.php?rest_route=\/wp\/v2\/posts\/21462","targetHints":{"allow":["GET"]}}],"collection":[{"href":"https:\/\/jensgustafsson.se\/index.php?rest_route=\/wp\/v2\/posts"}],"about":[{"href":"https:\/\/jensgustafsson.se\/index.php?rest_route=\/wp\/v2\/types\/post"}],"author":[{"embeddable":true,"href":"https:\/\/jensgustafsson.se\/index.php?rest_route=\/wp\/v2\/users\/1"}],"replies":[{"embeddable":true,"href":"https:\/\/jensgustafsson.se\/index.php?rest_route=%2Fwp%2Fv2%2Fcomments&post=21462"}],"version-history":[{"count":2,"href":"https:\/\/jensgustafsson.se\/index.php?rest_route=\/wp\/v2\/posts\/21462\/revisions"}],"predecessor-version":[{"id":21469,"href":"https:\/\/jensgustafsson.se\/index.php?rest_route=\/wp\/v2\/posts\/21462\/revisions\/21469"}],"wp:attachment":[{"href":"https:\/\/jensgustafsson.se\/index.php?rest_route=%2Fwp%2Fv2%2Fmedia&parent=21462"}],"wp:term":[{"taxonomy":"category","embeddable":true,"href":"https:\/\/jensgustafsson.se\/index.php?rest_route=%2Fwp%2Fv2%2Fcategories&post=21462"},{"taxonomy":"post_tag","embeddable":true,"href":"https:\/\/jensgustafsson.se\/index.php?rest_route=%2Fwp%2Fv2%2Ftags&post=21462"}],"curies":[{"name":"wp","href":"https:\/\/api.w.org\/{rel}","templated":true}]}}