{"id":2637,"date":"2014-02-15T19:15:28","date_gmt":"2014-02-15T18:15:28","guid":{"rendered":"http:\/\/jensgustafsson.se\/?p=2637"},"modified":"2014-02-15T19:33:19","modified_gmt":"2014-02-15T18:33:19","slug":"lordag-15e-februari-2014","status":"publish","type":"post","link":"https:\/\/jensgustafsson.se\/?p=2637","title":{"rendered":"L\u00f6rdag 15:e februari 2014."},"content":{"rendered":"<p><span style=\"color: #33cccc;\"><em>En mulen och gr\u00e5 dag igen, med sn\u00f6blandat regn mitt p\u00e5 dagen, och en frisk isig sydostvind som g\u00e5r genom m\u00e4rg och ben.<\/em><\/span><\/p>\n<p><span style=\"color: #33cccc;\"><em>Loggade uppgifter i\u00a0v\u00e4derstationen fr\u00e5n 20140214 kl.19.00-20140215 kl. 19.10:<\/em><\/span><\/p>\n<p><span style=\"color: #33cccc;\"><em>20140215 kl. 19.10<\/em><\/span><\/p>\n<p><span style=\"color: #33cccc;\"><em>Aktuell temp: 1,9 \u00b0C<\/em><\/span><\/p>\n<p><span style=\"color: #33cccc;\"><em>Mintemp: -1,1 \u00b0C<\/em><\/span><\/p>\n<p><span style=\"color: #33cccc;\"><em>Maxtemp: 2,9 \u00b0C<\/em><\/span><\/p>\n<p><span style=\"color: #33cccc;\"><em>Vindavkylning: -2,1 \u00b0C<\/em><\/span><\/p>\n<p><span style=\"color: #33cccc;\"><em>Vindavkylning,mintemp: -9,2 \u00b0C<\/em><\/span><\/p>\n<p><span style=\"color: #33cccc;\"><em>Luftfuktigh: 91 %<\/em><\/span><\/p>\n<p><span style=\"color: #33cccc;\"><em>Min. 88 %<\/em><\/span><\/p>\n<p><span style=\"color: #33cccc;\"><em>Max. 92 %<\/em><\/span><\/p>\n<p><span style=\"color: #33cccc;\"><em>Lufttryck: 994,6 hPa<\/em><\/span><\/p>\n<p><span style=\"color: #33cccc;\"><em>Min. 994,6 hPa<\/em><\/span><\/p>\n<p><span style=\"color: #33cccc;\"><em>Max. 1006,4 hPa<\/em><\/span><\/p>\n<p><span style=\"color: #33cccc;\"><em>Vindriktning: Sydostlig.<\/em><\/span><\/p>\n<p><span style=\"color: #33cccc;\"><em>Vindhast. 3 m\/s<\/em><\/span><\/p>\n<p><span style=\"color: #33cccc;\"><em>Maxvind: 9 m\/s<\/em><\/span><\/p>\n<p><span style=\"color: #33cccc;\"><em>Nederb\u00f6rd: 1,5 mm<\/em><\/span><\/p>\n<p><span style=\"color: #33cccc;\"><em>Sn\u00f6t\u00e4cke: Barmark<\/em><\/span><\/p>\n<p><span style=\"color: #33cccc;\"><em>\u00a0<\/em><\/span><\/p>\n","protected":false},"excerpt":{"rendered":"<p>En mulen och gr\u00e5 dag igen, med sn\u00f6blandat regn mitt p\u00e5 dagen, och en frisk isig sydostvind som g\u00e5r genom m\u00e4rg och ben. Loggade uppgifter i\u00a0v\u00e4derstationen fr\u00e5n 20140214 kl.19.00-20140215 kl. 19.10: 20140215 kl. 19.10 Aktuell temp: 1,9 \u00b0C Mintemp: -1,1 &hellip; <a href=\"https:\/\/jensgustafsson.se\/?p=2637\">Forts\u00e4tt l\u00e4sa <span class=\"meta-nav\">&rarr;<\/span><\/a><\/p>\n","protected":false},"author":1,"featured_media":0,"comment_status":"open","ping_status":"open","sticky":false,"template":"","format":"standard","meta":{"footnotes":""},"categories":[10],"tags":[],"class_list":["post-2637","post","type-post","status-publish","format-standard","hentry","category-vaderdagbok-2013"],"_links":{"self":[{"href":"https:\/\/jensgustafsson.se\/index.php?rest_route=\/wp\/v2\/posts\/2637","targetHints":{"allow":["GET"]}}],"collection":[{"href":"https:\/\/jensgustafsson.se\/index.php?rest_route=\/wp\/v2\/posts"}],"about":[{"href":"https:\/\/jensgustafsson.se\/index.php?rest_route=\/wp\/v2\/types\/post"}],"author":[{"embeddable":true,"href":"https:\/\/jensgustafsson.se\/index.php?rest_route=\/wp\/v2\/users\/1"}],"replies":[{"embeddable":true,"href":"https:\/\/jensgustafsson.se\/index.php?rest_route=%2Fwp%2Fv2%2Fcomments&post=2637"}],"version-history":[{"count":3,"href":"https:\/\/jensgustafsson.se\/index.php?rest_route=\/wp\/v2\/posts\/2637\/revisions"}],"predecessor-version":[{"id":2641,"href":"https:\/\/jensgustafsson.se\/index.php?rest_route=\/wp\/v2\/posts\/2637\/revisions\/2641"}],"wp:attachment":[{"href":"https:\/\/jensgustafsson.se\/index.php?rest_route=%2Fwp%2Fv2%2Fmedia&parent=2637"}],"wp:term":[{"taxonomy":"category","embeddable":true,"href":"https:\/\/jensgustafsson.se\/index.php?rest_route=%2Fwp%2Fv2%2Fcategories&post=2637"},{"taxonomy":"post_tag","embeddable":true,"href":"https:\/\/jensgustafsson.se\/index.php?rest_route=%2Fwp%2Fv2%2Ftags&post=2637"}],"curies":[{"name":"wp","href":"https:\/\/api.w.org\/{rel}","templated":true}]}}