{"id":2773,"date":"2014-02-18T17:57:43","date_gmt":"2014-02-18T16:57:43","guid":{"rendered":"http:\/\/jensgustafsson.se\/?p=2773"},"modified":"2014-02-18T17:58:44","modified_gmt":"2014-02-18T16:58:44","slug":"tisdag-18e-februari-2014","status":"publish","type":"post","link":"https:\/\/jensgustafsson.se\/?p=2773","title":{"rendered":"Tisdag 18:e februari 2014."},"content":{"rendered":"<p><span style=\"color: #33cccc;\"><em>Dagen b\u00f6rjade med halvklart v\u00e4der och lite markfrost. Under f\u00f6rmiddagen drog molnen ihop sig, \u00a0och efterhand har det regnat av och till. Vinden har varit m\u00e5ttlig till frisk, men den kommer fr\u00e5n sydv\u00e4st, och det betyder ju att den drar upp mild luft \u00f6ver oss. Jag l\u00e4ste n\u00e5got positivt p\u00e5 SVT v\u00e4der:<span style=\"color: #ff6600;\"><a href=\"http:\/\/www.svt.se\/vader\/varen-har-anlant-i-soder\"><span style=\"color: #ff6600;\">http:\/\/www.svt.se\/vader\/varen-har-anlant-i-soder<\/span><\/a><\/span><\/em><\/span><\/p>\n<p><span style=\"color: #33cccc;\"><em>Loggningarna p\u00e5 v\u00e4derstationen fr\u00e5n 20140217 kl. 19.20 till 20140218 kl. 18.00:<\/em><\/span><\/p>\n<p><span style=\"color: #33cccc;\"><em>Aktuell temp: 4,1 \u00b0C<\/em><\/span><\/p>\n<p><span style=\"color: #33cccc;\"><em>Mintemp: 0,3 \u00b0C<\/em><\/span><\/p>\n<p><span style=\"color: #33cccc;\"><em>Maxtemp: 4,9 \u00b0C<\/em><\/span><\/p>\n<p><span style=\"color: #33cccc;\"><em>Vindavkylning: 4,1 \u00b0C<\/em><\/span><\/p>\n<p><span style=\"color: #33cccc;\"><em>Vindavkylning,mintemp: -11,9 \u00b0C<\/em><\/span><\/p>\n<p><span style=\"color: #33cccc;\"><em>Luftfuktigh: 89 %<\/em><\/span><\/p>\n<p><span style=\"color: #33cccc;\"><em>Min. 78 %<\/em><\/span><\/p>\n<p><span style=\"color: #33cccc;\"><em>Max. 89 %<\/em><\/span><\/p>\n<p><span style=\"color: #33cccc;\"><em>Lufttryck: 1009,4 hPa<\/em><\/span><\/p>\n<p><span style=\"color: #33cccc;\"><em>Min. 1004,8 hPa<\/em><\/span><\/p>\n<p><span style=\"color: #33cccc;\"><em>Max. 1011,3 hPa<\/em><\/span><\/p>\n<p><span style=\"color: #33cccc;\"><em>Vindriktning: Sydv\u00e4stlig.<\/em><\/span><\/p>\n<p><span style=\"color: #33cccc;\"><em>Vindhast. 1 m\/s<\/em><\/span><\/p>\n<p><span style=\"color: #33cccc;\"><em>Maxvind: 9 m\/s<\/em><\/span><\/p>\n<p><span style=\"color: #33cccc;\"><em>Nederb\u00f6rd: 0,5 mm<\/em><\/span><\/p>\n<p><span style=\"color: #33cccc;\"><em>Sn\u00f6t\u00e4cke: Barmark.<\/em><\/span><\/p>\n<p><span style=\"color: #33cccc;\"><em>\u00a0<\/em><\/span><\/p>\n","protected":false},"excerpt":{"rendered":"<p>Dagen b\u00f6rjade med halvklart v\u00e4der och lite markfrost. Under f\u00f6rmiddagen drog molnen ihop sig, \u00a0och efterhand har det regnat av och till. Vinden har varit m\u00e5ttlig till frisk, men den kommer fr\u00e5n sydv\u00e4st, och det betyder ju att den drar &hellip; <a href=\"https:\/\/jensgustafsson.se\/?p=2773\">Forts\u00e4tt l\u00e4sa <span class=\"meta-nav\">&rarr;<\/span><\/a><\/p>\n","protected":false},"author":1,"featured_media":0,"comment_status":"open","ping_status":"open","sticky":false,"template":"","format":"standard","meta":{"footnotes":""},"categories":[10],"tags":[],"class_list":["post-2773","post","type-post","status-publish","format-standard","hentry","category-vaderdagbok-2013"],"_links":{"self":[{"href":"https:\/\/jensgustafsson.se\/index.php?rest_route=\/wp\/v2\/posts\/2773","targetHints":{"allow":["GET"]}}],"collection":[{"href":"https:\/\/jensgustafsson.se\/index.php?rest_route=\/wp\/v2\/posts"}],"about":[{"href":"https:\/\/jensgustafsson.se\/index.php?rest_route=\/wp\/v2\/types\/post"}],"author":[{"embeddable":true,"href":"https:\/\/jensgustafsson.se\/index.php?rest_route=\/wp\/v2\/users\/1"}],"replies":[{"embeddable":true,"href":"https:\/\/jensgustafsson.se\/index.php?rest_route=%2Fwp%2Fv2%2Fcomments&post=2773"}],"version-history":[{"count":2,"href":"https:\/\/jensgustafsson.se\/index.php?rest_route=\/wp\/v2\/posts\/2773\/revisions"}],"predecessor-version":[{"id":2775,"href":"https:\/\/jensgustafsson.se\/index.php?rest_route=\/wp\/v2\/posts\/2773\/revisions\/2775"}],"wp:attachment":[{"href":"https:\/\/jensgustafsson.se\/index.php?rest_route=%2Fwp%2Fv2%2Fmedia&parent=2773"}],"wp:term":[{"taxonomy":"category","embeddable":true,"href":"https:\/\/jensgustafsson.se\/index.php?rest_route=%2Fwp%2Fv2%2Fcategories&post=2773"},{"taxonomy":"post_tag","embeddable":true,"href":"https:\/\/jensgustafsson.se\/index.php?rest_route=%2Fwp%2Fv2%2Ftags&post=2773"}],"curies":[{"name":"wp","href":"https:\/\/api.w.org\/{rel}","templated":true}]}}