{"id":34706,"date":"2025-01-10T17:35:22","date_gmt":"2025-01-10T16:35:22","guid":{"rendered":"https:\/\/jensgustafsson.se\/?p=34706"},"modified":"2025-01-10T17:35:22","modified_gmt":"2025-01-10T16:35:22","slug":"fredag-10-januari-2025","status":"publish","type":"post","link":"https:\/\/jensgustafsson.se\/?p=34706","title":{"rendered":"Fredag 10 januari 2025."},"content":{"rendered":"\n<p class=\"has-medium-font-size\"><em>Dagen b\u00f6rjade med mulet v\u00e4der. Fram mot lunch b\u00f6rjade det att sn\u00f6a lite l\u00e4tt ocks\u00e5. Sn\u00f6andet forts\u00e4tter nu, men mestadels bara l\u00e4tt sn\u00f6fall.<\/em><\/p>\n\n\n\n<p class=\"has-medium-font-size\"><em>Ett dygn med minusgrader hela dygnet. Den l\u00e4gsta temperaturen blev -1,9 grader, och den h\u00f6gsta -0,7 grader.<\/em><\/p>\n\n\n\n<p class=\"has-medium-font-size\"><em>Vinden har varit m\u00e5ttlig till frisk, nordlig idag.<\/em><\/p>\n\n\n\n<figure class=\"wp-block-image size-large\"><img loading=\"lazy\" decoding=\"async\" width=\"1024\" height=\"639\" src=\"https:\/\/media1.jensgustafsson.se\/2025\/01\/10-januari-2025-3-1024x639.jpg\" alt=\"\" class=\"wp-image-34707\" srcset=\"https:\/\/media1.jensgustafsson.se\/2025\/01\/10-januari-2025-3-1024x639.jpg 1024w, https:\/\/media1.jensgustafsson.se\/2025\/01\/10-januari-2025-3-300x187.jpg 300w, https:\/\/media1.jensgustafsson.se\/2025\/01\/10-januari-2025-3-768x479.jpg 768w, https:\/\/media1.jensgustafsson.se\/2025\/01\/10-januari-2025-3-1536x958.jpg 1536w, https:\/\/media1.jensgustafsson.se\/2025\/01\/10-januari-2025-3-481x300.jpg 481w, https:\/\/media1.jensgustafsson.se\/2025\/01\/10-januari-2025-3.jpg 1920w\" sizes=\"auto, (max-width: 1024px) 100vw, 1024px\" \/><figcaption class=\"wp-element-caption\"><strong><em>Vid hembygdsg\u00e5rden i F\u00e5gelfors idag.<\/em><\/strong><\/figcaption><\/figure>\n\n\n\n<p class=\"has-medium-font-size\"><em>En sammanfattning fr\u00e5n min v\u00e4derstation, f\u00f6r de senaste 24 timmarna:<\/em><\/p>\n\n\n\n<p class=\"has-medium-font-size\"><strong>20250110 kl. 17.00<br \/>Min. temp: -1,9<br \/>Max. temp: -0,7 \u00b0C<br \/>Min. lufttryck: 995,5 hPa<br \/>Max. lufttryck: 1001,9 hPa<br \/>Min.luftfuktigh. 79 %<br \/>Max.luftfuktigh. 86 %<br \/>Domin. vindriktn.: Nordlig<br \/>Maxvind: 7 m\/s.<br \/>Nederb\u00f6rd: 1 mm<br \/>Meteorologisk \u00e5rstid: Vinter<br \/>Kalendarisk \u00e5rstid: Vinterm\u00e5nad 2 av 3<br \/>Sn\u00f6djup: Ca 6 cm.<\/strong><\/p>\n\n\n\n<figure class=\"wp-block-image size-large\"><img loading=\"lazy\" decoding=\"async\" width=\"1024\" height=\"461\" src=\"https:\/\/media1.jensgustafsson.se\/2025\/01\/image-26-1024x461.png\" alt=\"\" class=\"wp-image-34714\" srcset=\"https:\/\/media1.jensgustafsson.se\/2025\/01\/image-26-1024x461.png 1024w, https:\/\/media1.jensgustafsson.se\/2025\/01\/image-26-300x135.png 300w, https:\/\/media1.jensgustafsson.se\/2025\/01\/image-26-768x346.png 768w, https:\/\/media1.jensgustafsson.se\/2025\/01\/image-26-1536x692.png 1536w, https:\/\/media1.jensgustafsson.se\/2025\/01\/image-26-500x225.png 500w, https:\/\/media1.jensgustafsson.se\/2025\/01\/image-26.png 1849w\" sizes=\"auto, (max-width: 1024px) 100vw, 1024px\" \/><figcaption class=\"wp-element-caption\"><strong><em>M\u00e5nadens medeltemperatur \u00e4r t.o.m. idag 0,4 grader kallare, j\u00e4mf\u00f6rt mot den normala.<\/em><\/strong><\/figcaption><\/figure>\n\n\n\n<figure class=\"wp-block-image size-large\"><img loading=\"lazy\" decoding=\"async\" width=\"1024\" height=\"517\" src=\"https:\/\/media1.jensgustafsson.se\/2025\/01\/image-25-1024x517.png\" alt=\"\" class=\"wp-image-34711\" srcset=\"https:\/\/media1.jensgustafsson.se\/2025\/01\/image-25-1024x517.png 1024w, https:\/\/media1.jensgustafsson.se\/2025\/01\/image-25-300x152.png 300w, https:\/\/media1.jensgustafsson.se\/2025\/01\/image-25-768x388.png 768w, https:\/\/media1.jensgustafsson.se\/2025\/01\/image-25-500x253.png 500w, https:\/\/media1.jensgustafsson.se\/2025\/01\/image-25.png 1487w\" sizes=\"auto, (max-width: 1024px) 100vw, 1024px\" \/><figcaption class=\"wp-element-caption\"><strong><em>M\u00e5nadens nederb\u00f6rd \u00e4r t.o.m. idag 103 % av den normala.<\/em><\/strong><\/figcaption><\/figure>\n","protected":false},"excerpt":{"rendered":"<p>Dagen b\u00f6rjade med mulet v\u00e4der. Fram mot lunch b\u00f6rjade det att sn\u00f6a lite l\u00e4tt ocks\u00e5. Sn\u00f6andet forts\u00e4tter nu, men mestadels bara l\u00e4tt sn\u00f6fall. Ett dygn med minusgrader hela dygnet. Den l\u00e4gsta temperaturen blev -1,9 grader, och den h\u00f6gsta -0,7 grader. &hellip; <a href=\"https:\/\/jensgustafsson.se\/?p=34706\">Forts\u00e4tt l\u00e4sa <span class=\"meta-nav\">&rarr;<\/span><\/a><\/p>\n","protected":false},"author":1,"featured_media":0,"comment_status":"open","ping_status":"","sticky":false,"template":"","format":"standard","meta":{"footnotes":""},"categories":[10],"tags":[],"class_list":["post-34706","post","type-post","status-publish","format-standard","hentry","category-vaderdagbok-2013"],"_links":{"self":[{"href":"https:\/\/jensgustafsson.se\/index.php?rest_route=\/wp\/v2\/posts\/34706","targetHints":{"allow":["GET"]}}],"collection":[{"href":"https:\/\/jensgustafsson.se\/index.php?rest_route=\/wp\/v2\/posts"}],"about":[{"href":"https:\/\/jensgustafsson.se\/index.php?rest_route=\/wp\/v2\/types\/post"}],"author":[{"embeddable":true,"href":"https:\/\/jensgustafsson.se\/index.php?rest_route=\/wp\/v2\/users\/1"}],"replies":[{"embeddable":true,"href":"https:\/\/jensgustafsson.se\/index.php?rest_route=%2Fwp%2Fv2%2Fcomments&post=34706"}],"version-history":[{"count":5,"href":"https:\/\/jensgustafsson.se\/index.php?rest_route=\/wp\/v2\/posts\/34706\/revisions"}],"predecessor-version":[{"id":34715,"href":"https:\/\/jensgustafsson.se\/index.php?rest_route=\/wp\/v2\/posts\/34706\/revisions\/34715"}],"wp:attachment":[{"href":"https:\/\/jensgustafsson.se\/index.php?rest_route=%2Fwp%2Fv2%2Fmedia&parent=34706"}],"wp:term":[{"taxonomy":"category","embeddable":true,"href":"https:\/\/jensgustafsson.se\/index.php?rest_route=%2Fwp%2Fv2%2Fcategories&post=34706"},{"taxonomy":"post_tag","embeddable":true,"href":"https:\/\/jensgustafsson.se\/index.php?rest_route=%2Fwp%2Fv2%2Ftags&post=34706"}],"curies":[{"name":"wp","href":"https:\/\/api.w.org\/{rel}","templated":true}]}}