{"id":34726,"date":"2025-01-12T17:07:23","date_gmt":"2025-01-12T16:07:23","guid":{"rendered":"https:\/\/jensgustafsson.se\/?p=34726"},"modified":"2025-01-12T17:07:23","modified_gmt":"2025-01-12T16:07:23","slug":"sondag-12-januari-2025","status":"publish","type":"post","link":"https:\/\/jensgustafsson.se\/?p=34726","title":{"rendered":"S\u00f6ndag 12 januari 2025."},"content":{"rendered":"\n<p class=\"has-medium-font-size\"><em>P\u00e5 morgonen idag var det molnigt men uppeh\u00e5llsv\u00e4der. P\u00e5 f\u00f6rmiddagen b\u00f6rjade molnt\u00e4cket att spricka upp, och efter lunch har det varit helt molnfri himmel, och solen har lyst f\u00f6r fullt .En fin vinterdag, och fast\u00e4n vi bara \u00e4r i mitten av januari, s\u00e5 kan man k\u00e4nna att solen v\u00e4rmer lite grann.<\/em><\/p>\n\n\n\n<p class=\"has-medium-font-size\"><em>Den l\u00e4gsta temperaturen idag blev -6,1 grader, och den h\u00f6gsta blev -2,2 grader. Vi kan nog f\u00f6rv\u00e4nta oss en ganska kall natt eftersom det \u00e4r molnfritt nu, men enligt prognoserna, s\u00e5 kommer det mildluft imorgon, och veckan ser ut att bjuda p\u00e5 plusgrader.<\/em><\/p>\n\n\n\n<p class=\"has-medium-font-size\"><em>Vinden var frisk under natten, men har avtagit under dagen idag. Vindriktningen har varit nordlig.<\/em><\/p>\n\n\n\n<figure class=\"wp-block-image size-large\"><img loading=\"lazy\" decoding=\"async\" width=\"1024\" height=\"683\" src=\"https:\/\/media1.jensgustafsson.se\/2025\/01\/DSC_0340-1024x683.jpg\" alt=\"\" class=\"wp-image-34732\" srcset=\"https:\/\/media1.jensgustafsson.se\/2025\/01\/DSC_0340-1024x683.jpg 1024w, https:\/\/media1.jensgustafsson.se\/2025\/01\/DSC_0340-300x200.jpg 300w, https:\/\/media1.jensgustafsson.se\/2025\/01\/DSC_0340-768x512.jpg 768w, https:\/\/media1.jensgustafsson.se\/2025\/01\/DSC_0340-1536x1024.jpg 1536w, https:\/\/media1.jensgustafsson.se\/2025\/01\/DSC_0340-2048x1365.jpg 2048w, https:\/\/media1.jensgustafsson.se\/2025\/01\/DSC_0340-450x300.jpg 450w\" sizes=\"auto, (max-width: 1024px) 100vw, 1024px\" \/><figcaption class=\"wp-element-caption\"><strong><em>Vid N\u00f6t\u00e5n, Vecklevad i eftermiddag.<\/em><\/strong><\/figcaption><\/figure>\n\n\n\n<figure class=\"wp-block-image size-large\"><img loading=\"lazy\" decoding=\"async\" width=\"1024\" height=\"635\" src=\"https:\/\/media1.jensgustafsson.se\/2025\/01\/DSC_0364-1024x635.jpg\" alt=\"\" class=\"wp-image-34734\" srcset=\"https:\/\/media1.jensgustafsson.se\/2025\/01\/DSC_0364-1024x635.jpg 1024w, https:\/\/media1.jensgustafsson.se\/2025\/01\/DSC_0364-300x186.jpg 300w, https:\/\/media1.jensgustafsson.se\/2025\/01\/DSC_0364-768x477.jpg 768w, https:\/\/media1.jensgustafsson.se\/2025\/01\/DSC_0364-1536x953.jpg 1536w, https:\/\/media1.jensgustafsson.se\/2025\/01\/DSC_0364-2048x1271.jpg 2048w, https:\/\/media1.jensgustafsson.se\/2025\/01\/DSC_0364-483x300.jpg 483w\" sizes=\"auto, (max-width: 1024px) 100vw, 1024px\" \/><figcaption class=\"wp-element-caption\"><strong><em>En ensam Kanadag\u00e5s p\u00e5 isen vid \u00d6vrasj\u00f6n.<\/em><\/strong><\/figcaption><\/figure>\n\n\n\n<p class=\"has-medium-font-size\"><em>En sammanfattning fr\u00e5n min v\u00e4derstation, f\u00f6r de senaste 24 timmarna:<\/em><\/p>\n\n\n\n<p class=\"has-medium-font-size\"><strong>20250112 kl. 17.00<br \/>Min. temp: -6,1 \u00b0C<br \/>Max. temp: -2,2 \u00b0C<br \/>Min. lufttryck: 1011,8 hPa<br \/>Max. lufttryck: 1030,8 hPa<br \/>Min.luftfuktigh. 69 %<br \/>Max.luftfuktigh. 84 %<br \/>Domin. vindriktn.: Nordlig<br \/>Maxvind: 7 m\/s.<br \/>Nederb\u00f6rd: 0 mm<br \/>Meteorologisk \u00e5rstid: Vinter<br \/>Kalendarisk \u00e5rstid: Vinterm\u00e5nad 2 av 3<br \/>Sn\u00f6djup: Ca 12 cm. <em>D\u00e4r sn\u00f6n har bildat drivor \u00e4r det betydligt djupare p\u00e5 sina st\u00e4llen<\/em><\/strong><\/p>\n\n\n\n<figure class=\"wp-block-image size-large\"><img loading=\"lazy\" decoding=\"async\" width=\"1024\" height=\"461\" src=\"https:\/\/media1.jensgustafsson.se\/2025\/01\/image-31-1024x461.png\" alt=\"\" class=\"wp-image-34736\" srcset=\"https:\/\/media1.jensgustafsson.se\/2025\/01\/image-31-1024x461.png 1024w, https:\/\/media1.jensgustafsson.se\/2025\/01\/image-31-300x135.png 300w, https:\/\/media1.jensgustafsson.se\/2025\/01\/image-31-768x346.png 768w, https:\/\/media1.jensgustafsson.se\/2025\/01\/image-31-1536x692.png 1536w, https:\/\/media1.jensgustafsson.se\/2025\/01\/image-31-500x225.png 500w, https:\/\/media1.jensgustafsson.se\/2025\/01\/image-31.png 1849w\" sizes=\"auto, (max-width: 1024px) 100vw, 1024px\" \/><figcaption class=\"wp-element-caption\"><strong><em>M\u00e5nadens medeltemperatur \u00e4r t.o.m. idag 0,7 grader kallare, j\u00e4mf\u00f6rt mot den normala.<\/em><\/strong><\/figcaption><\/figure>\n\n\n\n<figure class=\"wp-block-image size-large\"><img loading=\"lazy\" decoding=\"async\" width=\"1024\" height=\"517\" src=\"https:\/\/media1.jensgustafsson.se\/2025\/01\/image-30-1024x517.png\" alt=\"\" class=\"wp-image-34728\" srcset=\"https:\/\/media1.jensgustafsson.se\/2025\/01\/image-30-1024x517.png 1024w, https:\/\/media1.jensgustafsson.se\/2025\/01\/image-30-300x152.png 300w, https:\/\/media1.jensgustafsson.se\/2025\/01\/image-30-768x388.png 768w, https:\/\/media1.jensgustafsson.se\/2025\/01\/image-30-500x253.png 500w, https:\/\/media1.jensgustafsson.se\/2025\/01\/image-30.png 1487w\" sizes=\"auto, (max-width: 1024px) 100vw, 1024px\" \/><figcaption class=\"wp-element-caption\"><strong><em>M\u00e5nadens nederb\u00f6rd \u00e4r t.o.m. idag 124 % av den normala.<\/em><\/strong><\/figcaption><\/figure>\n\n\n\n<p><\/p>\n","protected":false},"excerpt":{"rendered":"<p>P\u00e5 morgonen idag var det molnigt men uppeh\u00e5llsv\u00e4der. P\u00e5 f\u00f6rmiddagen b\u00f6rjade molnt\u00e4cket att spricka upp, och efter lunch har det varit helt molnfri himmel, och solen har lyst f\u00f6r fullt .En fin vinterdag, och fast\u00e4n vi bara \u00e4r i mitten &hellip; <a href=\"https:\/\/jensgustafsson.se\/?p=34726\">Forts\u00e4tt l\u00e4sa <span class=\"meta-nav\">&rarr;<\/span><\/a><\/p>\n","protected":false},"author":1,"featured_media":0,"comment_status":"open","ping_status":"","sticky":false,"template":"","format":"standard","meta":{"footnotes":""},"categories":[10],"tags":[],"class_list":["post-34726","post","type-post","status-publish","format-standard","hentry","category-vaderdagbok-2013"],"_links":{"self":[{"href":"https:\/\/jensgustafsson.se\/index.php?rest_route=\/wp\/v2\/posts\/34726","targetHints":{"allow":["GET"]}}],"collection":[{"href":"https:\/\/jensgustafsson.se\/index.php?rest_route=\/wp\/v2\/posts"}],"about":[{"href":"https:\/\/jensgustafsson.se\/index.php?rest_route=\/wp\/v2\/types\/post"}],"author":[{"embeddable":true,"href":"https:\/\/jensgustafsson.se\/index.php?rest_route=\/wp\/v2\/users\/1"}],"replies":[{"embeddable":true,"href":"https:\/\/jensgustafsson.se\/index.php?rest_route=%2Fwp%2Fv2%2Fcomments&post=34726"}],"version-history":[{"count":6,"href":"https:\/\/jensgustafsson.se\/index.php?rest_route=\/wp\/v2\/posts\/34726\/revisions"}],"predecessor-version":[{"id":34737,"href":"https:\/\/jensgustafsson.se\/index.php?rest_route=\/wp\/v2\/posts\/34726\/revisions\/34737"}],"wp:attachment":[{"href":"https:\/\/jensgustafsson.se\/index.php?rest_route=%2Fwp%2Fv2%2Fmedia&parent=34726"}],"wp:term":[{"taxonomy":"category","embeddable":true,"href":"https:\/\/jensgustafsson.se\/index.php?rest_route=%2Fwp%2Fv2%2Fcategories&post=34726"},{"taxonomy":"post_tag","embeddable":true,"href":"https:\/\/jensgustafsson.se\/index.php?rest_route=%2Fwp%2Fv2%2Ftags&post=34726"}],"curies":[{"name":"wp","href":"https:\/\/api.w.org\/{rel}","templated":true}]}}