{"id":34818,"date":"2025-01-23T18:32:46","date_gmt":"2025-01-23T17:32:46","guid":{"rendered":"https:\/\/jensgustafsson.se\/?p=34818"},"modified":"2025-01-23T18:32:46","modified_gmt":"2025-01-23T17:32:46","slug":"torsdag-23-januari-2025","status":"publish","type":"post","link":"https:\/\/jensgustafsson.se\/?p=34818","title":{"rendered":"Torsdag 23 januari 2025."},"content":{"rendered":"\n<p class=\"has-medium-font-size\"><em>Vi fick en dag till med mulet och gr\u00e5tt v\u00e4der. Efter lunch b\u00f6rjade det regna ocks\u00e5, och det har efterhand f\u00e5tt sn\u00f6inslag. Nederb\u00f6rden forts\u00e4tter nu i kv\u00e4ll.<\/em><\/p>\n\n\n\n<p class=\"has-medium-font-size\"><em>\u00c4nnu ett dygn med plusgrader. L\u00e4gsta temperaturen blev +0,8 grader, och den h\u00f6gsta +3,3 grader.<\/em><\/p>\n\n\n\n<p class=\"has-medium-font-size\"><em>Vinden har varit m\u00e5ttlig till frisk, sydostlig.<\/em><\/p>\n\n\n\n<figure class=\"wp-block-image size-large\"><img loading=\"lazy\" decoding=\"async\" width=\"1024\" height=\"532\" src=\"https:\/\/media1.jensgustafsson.se\/2025\/01\/DSC_0535-1024x532.jpg\" alt=\"\" class=\"wp-image-34822\" srcset=\"https:\/\/media1.jensgustafsson.se\/2025\/01\/DSC_0535-1024x532.jpg 1024w, https:\/\/media1.jensgustafsson.se\/2025\/01\/DSC_0535-300x156.jpg 300w, https:\/\/media1.jensgustafsson.se\/2025\/01\/DSC_0535-768x399.jpg 768w, https:\/\/media1.jensgustafsson.se\/2025\/01\/DSC_0535-1536x797.jpg 1536w, https:\/\/media1.jensgustafsson.se\/2025\/01\/DSC_0535-2048x1063.jpg 2048w, https:\/\/media1.jensgustafsson.se\/2025\/01\/DSC_0535-500x260.jpg 500w\" sizes=\"auto, (max-width: 1024px) 100vw, 1024px\" \/><figcaption class=\"wp-element-caption\"><strong><em>Idag kom det tv\u00e5 duvor och gjorde n\u00f6tskrikorna s\u00e4llskap.<\/em><\/strong><\/figcaption><\/figure>\n\n\n\n<p class=\"has-medium-font-size\"><em>En sammanfattning fr\u00e5n min v\u00e4derstation, f\u00f6r de senaste 24 timmarna:<\/em><\/p>\n\n\n\n<p class=\"has-medium-font-size\"><strong>20250123 kl. 18.00<br \/>Min. temp: 0,8 \u00b0C<br \/>Max. temp: 3,3 \u00b0C<br \/>Min. lufttryck: 992,1 hPa<br \/>Max. lufttryck: 1007,1 hPa<br \/>Min.luftfuktigh. 82 %<br \/>Max.luftfuktigh. 87 %<br \/>Domin. vindriktn.: Sydostlig<br \/>Maxvind: 8 m\/s.<br \/>Nederb\u00f6rd: 4 mm<br \/>Meteorologisk \u00e5rstid: Vinter<br \/>Kalendarisk \u00e5rstid: Vinterm\u00e5nad 2 av 3<br \/>Sn\u00f6djup: Barmark.<\/strong><\/p>\n\n\n\n<figure class=\"wp-block-image size-large\"><img loading=\"lazy\" decoding=\"async\" width=\"1024\" height=\"461\" src=\"https:\/\/media1.jensgustafsson.se\/2025\/01\/image-52-1024x461.png\" alt=\"\" class=\"wp-image-34819\" srcset=\"https:\/\/media1.jensgustafsson.se\/2025\/01\/image-52-1024x461.png 1024w, https:\/\/media1.jensgustafsson.se\/2025\/01\/image-52-300x135.png 300w, https:\/\/media1.jensgustafsson.se\/2025\/01\/image-52-768x346.png 768w, https:\/\/media1.jensgustafsson.se\/2025\/01\/image-52-1536x692.png 1536w, https:\/\/media1.jensgustafsson.se\/2025\/01\/image-52-500x225.png 500w, https:\/\/media1.jensgustafsson.se\/2025\/01\/image-52.png 1849w\" sizes=\"auto, (max-width: 1024px) 100vw, 1024px\" \/><figcaption class=\"wp-element-caption\"><strong><em>M\u00e5nadens medeltemperatur \u00e4r t.o.m. idag 1 grad varmare, j\u00e4mf\u00f6rt mot den normala.<\/em><\/strong><\/figcaption><\/figure>\n\n\n\n<figure class=\"wp-block-image size-large\"><img loading=\"lazy\" decoding=\"async\" width=\"1024\" height=\"529\" src=\"https:\/\/media1.jensgustafsson.se\/2025\/01\/image-53-1024x529.png\" alt=\"\" class=\"wp-image-34820\" srcset=\"https:\/\/media1.jensgustafsson.se\/2025\/01\/image-53-1024x529.png 1024w, https:\/\/media1.jensgustafsson.se\/2025\/01\/image-53-300x155.png 300w, https:\/\/media1.jensgustafsson.se\/2025\/01\/image-53-768x397.png 768w, https:\/\/media1.jensgustafsson.se\/2025\/01\/image-53-500x258.png 500w, https:\/\/media1.jensgustafsson.se\/2025\/01\/image-53.png 1487w\" sizes=\"auto, (max-width: 1024px) 100vw, 1024px\" \/><figcaption class=\"wp-element-caption\"><strong><em>M\u00e5nadens nederb\u00f6rd \u00e4r t.o.m. idag 135 % av den normala.<\/em><\/strong><\/figcaption><\/figure>\n\n\n\n<p><\/p>\n","protected":false},"excerpt":{"rendered":"<p>Vi fick en dag till med mulet och gr\u00e5tt v\u00e4der. Efter lunch b\u00f6rjade det regna ocks\u00e5, och det har efterhand f\u00e5tt sn\u00f6inslag. Nederb\u00f6rden forts\u00e4tter nu i kv\u00e4ll. \u00c4nnu ett dygn med plusgrader. L\u00e4gsta temperaturen blev +0,8 grader, och den h\u00f6gsta &hellip; <a href=\"https:\/\/jensgustafsson.se\/?p=34818\">Forts\u00e4tt l\u00e4sa <span class=\"meta-nav\">&rarr;<\/span><\/a><\/p>\n","protected":false},"author":1,"featured_media":0,"comment_status":"open","ping_status":"","sticky":false,"template":"","format":"standard","meta":{"footnotes":""},"categories":[10],"tags":[],"class_list":["post-34818","post","type-post","status-publish","format-standard","hentry","category-vaderdagbok-2013"],"_links":{"self":[{"href":"https:\/\/jensgustafsson.se\/index.php?rest_route=\/wp\/v2\/posts\/34818","targetHints":{"allow":["GET"]}}],"collection":[{"href":"https:\/\/jensgustafsson.se\/index.php?rest_route=\/wp\/v2\/posts"}],"about":[{"href":"https:\/\/jensgustafsson.se\/index.php?rest_route=\/wp\/v2\/types\/post"}],"author":[{"embeddable":true,"href":"https:\/\/jensgustafsson.se\/index.php?rest_route=\/wp\/v2\/users\/1"}],"replies":[{"embeddable":true,"href":"https:\/\/jensgustafsson.se\/index.php?rest_route=%2Fwp%2Fv2%2Fcomments&post=34818"}],"version-history":[{"count":2,"href":"https:\/\/jensgustafsson.se\/index.php?rest_route=\/wp\/v2\/posts\/34818\/revisions"}],"predecessor-version":[{"id":34823,"href":"https:\/\/jensgustafsson.se\/index.php?rest_route=\/wp\/v2\/posts\/34818\/revisions\/34823"}],"wp:attachment":[{"href":"https:\/\/jensgustafsson.se\/index.php?rest_route=%2Fwp%2Fv2%2Fmedia&parent=34818"}],"wp:term":[{"taxonomy":"category","embeddable":true,"href":"https:\/\/jensgustafsson.se\/index.php?rest_route=%2Fwp%2Fv2%2Fcategories&post=34818"},{"taxonomy":"post_tag","embeddable":true,"href":"https:\/\/jensgustafsson.se\/index.php?rest_route=%2Fwp%2Fv2%2Ftags&post=34818"}],"curies":[{"name":"wp","href":"https:\/\/api.w.org\/{rel}","templated":true}]}}