{"id":34824,"date":"2025-01-24T16:53:44","date_gmt":"2025-01-24T15:53:44","guid":{"rendered":"https:\/\/jensgustafsson.se\/?p=34824"},"modified":"2025-01-25T16:39:20","modified_gmt":"2025-01-25T15:39:20","slug":"fredag-24-januari-2024","status":"publish","type":"post","link":"https:\/\/jensgustafsson.se\/?p=34824","title":{"rendered":"Fredag 24 januari 2025."},"content":{"rendered":"\n<p class=\"has-medium-font-size\"><em>Nederb\u00f6rden ig\u00e5r kv\u00e4ll upph\u00f6rde n\u00e5gon timme efter min avl\u00e4sning. P\u00e5 morgonen var det tillf\u00e4lligt lite uppsprucket molnt\u00e4cke, men molnen kom snabbt p\u00e5 f\u00f6rmiddagen. Resten av dagen har varit mulen och gr\u00e5, och tidvis lite l\u00e4tt regn ocks\u00e5.<\/em><\/p>\n\n\n\n<p class=\"has-medium-font-size\"><em>Fortsatt plusgrader dygnet runt. L\u00e4gsta temperaturen blev +1 grad, och den h\u00f6gsta blev +4,6 grader.<\/em><\/p>\n\n\n\n<p class=\"has-medium-font-size\"><em>Vinden har varit m\u00e5ttlig, sydlig idag.<\/em><\/p>\n\n\n\n<figure class=\"wp-block-image size-large\"><img loading=\"lazy\" decoding=\"async\" width=\"1024\" height=\"751\" src=\"https:\/\/media1.jensgustafsson.se\/2025\/01\/DSC_0202-1024x751.jpg\" alt=\"\" class=\"wp-image-34827\" srcset=\"https:\/\/media1.jensgustafsson.se\/2025\/01\/DSC_0202-1024x751.jpg 1024w, https:\/\/media1.jensgustafsson.se\/2025\/01\/DSC_0202-300x220.jpg 300w, https:\/\/media1.jensgustafsson.se\/2025\/01\/DSC_0202-768x563.jpg 768w, https:\/\/media1.jensgustafsson.se\/2025\/01\/DSC_0202-1536x1126.jpg 1536w, https:\/\/media1.jensgustafsson.se\/2025\/01\/DSC_0202-2048x1502.jpg 2048w, https:\/\/media1.jensgustafsson.se\/2025\/01\/DSC_0202-409x300.jpg 409w\" sizes=\"auto, (max-width: 1024px) 100vw, 1024px\" \/><\/figure>\n\n\n\n<p class=\"has-medium-font-size\"><em>En sammanfattning fr\u00e5n min v\u00e4derstation, f\u00f6r de senaste 24 timmarna:<\/em><\/p>\n\n\n\n<p class=\"has-medium-font-size\"><strong>20250124 kl. 17.00<br \/>Min. temp: 1 \u00b0C<br \/>Max. temp: 4,6 \u00b0C<br \/>Min. lufttryck: 992,6 hPa<br \/>Max. lufttryck: 1000,9 hPa<br \/>Min.luftfuktigh. 81 %<br \/>Max.luftfuktigh. 87 %<br \/>Domin. vindriktn.: Sydlig.<br \/>Maxvind: 9 m\/s.<br \/>Nederb\u00f6rd: 1 mm<br \/>Meteorologisk \u00e5rstid: Vinter<br \/>Kalendarisk \u00e5rstid: Vinterm\u00e5nad 2 av 3<br \/>Sn\u00f6djup: Barmark.<\/strong><\/p>\n\n\n\n<figure class=\"wp-block-image size-large\"><img loading=\"lazy\" decoding=\"async\" width=\"1024\" height=\"461\" src=\"https:\/\/media1.jensgustafsson.se\/2025\/01\/image-54-1024x461.png\" alt=\"\" class=\"wp-image-34831\" srcset=\"https:\/\/media1.jensgustafsson.se\/2025\/01\/image-54-1024x461.png 1024w, https:\/\/media1.jensgustafsson.se\/2025\/01\/image-54-300x135.png 300w, https:\/\/media1.jensgustafsson.se\/2025\/01\/image-54-768x346.png 768w, https:\/\/media1.jensgustafsson.se\/2025\/01\/image-54-1536x692.png 1536w, https:\/\/media1.jensgustafsson.se\/2025\/01\/image-54-500x225.png 500w, https:\/\/media1.jensgustafsson.se\/2025\/01\/image-54.png 1849w\" sizes=\"auto, (max-width: 1024px) 100vw, 1024px\" \/><figcaption class=\"wp-element-caption\"><strong><em>M\u00e5nadens medeltemperatur \u00e4r t.o.m. idag 1,1 grad varmare, j\u00e4mf\u00f6rt mot den normala.<\/em><\/strong><\/figcaption><\/figure>\n\n\n\n<figure class=\"wp-block-image size-large\"><img loading=\"lazy\" decoding=\"async\" width=\"1024\" height=\"529\" src=\"https:\/\/media1.jensgustafsson.se\/2025\/01\/image-55-1024x529.png\" alt=\"\" class=\"wp-image-34832\" srcset=\"https:\/\/media1.jensgustafsson.se\/2025\/01\/image-55-1024x529.png 1024w, https:\/\/media1.jensgustafsson.se\/2025\/01\/image-55-300x155.png 300w, https:\/\/media1.jensgustafsson.se\/2025\/01\/image-55-768x397.png 768w, https:\/\/media1.jensgustafsson.se\/2025\/01\/image-55-500x258.png 500w, https:\/\/media1.jensgustafsson.se\/2025\/01\/image-55.png 1487w\" sizes=\"auto, (max-width: 1024px) 100vw, 1024px\" \/><figcaption class=\"wp-element-caption\"><strong><em>M\u00e5nadens nederb\u00f6rd \u00e4r t.o.m. idag 138 % av den normala.<\/em><\/strong><\/figcaption><\/figure>\n","protected":false},"excerpt":{"rendered":"<p>Nederb\u00f6rden ig\u00e5r kv\u00e4ll upph\u00f6rde n\u00e5gon timme efter min avl\u00e4sning. P\u00e5 morgonen var det tillf\u00e4lligt lite uppsprucket molnt\u00e4cke, men molnen kom snabbt p\u00e5 f\u00f6rmiddagen. Resten av dagen har varit mulen och gr\u00e5, och tidvis lite l\u00e4tt regn ocks\u00e5. Fortsatt plusgrader dygnet &hellip; <a href=\"https:\/\/jensgustafsson.se\/?p=34824\">Forts\u00e4tt l\u00e4sa <span class=\"meta-nav\">&rarr;<\/span><\/a><\/p>\n","protected":false},"author":1,"featured_media":0,"comment_status":"open","ping_status":"","sticky":false,"template":"","format":"standard","meta":{"footnotes":""},"categories":[10],"tags":[],"class_list":["post-34824","post","type-post","status-publish","format-standard","hentry","category-vaderdagbok-2013"],"_links":{"self":[{"href":"https:\/\/jensgustafsson.se\/index.php?rest_route=\/wp\/v2\/posts\/34824","targetHints":{"allow":["GET"]}}],"collection":[{"href":"https:\/\/jensgustafsson.se\/index.php?rest_route=\/wp\/v2\/posts"}],"about":[{"href":"https:\/\/jensgustafsson.se\/index.php?rest_route=\/wp\/v2\/types\/post"}],"author":[{"embeddable":true,"href":"https:\/\/jensgustafsson.se\/index.php?rest_route=\/wp\/v2\/users\/1"}],"replies":[{"embeddable":true,"href":"https:\/\/jensgustafsson.se\/index.php?rest_route=%2Fwp%2Fv2%2Fcomments&post=34824"}],"version-history":[{"count":6,"href":"https:\/\/jensgustafsson.se\/index.php?rest_route=\/wp\/v2\/posts\/34824\/revisions"}],"predecessor-version":[{"id":34836,"href":"https:\/\/jensgustafsson.se\/index.php?rest_route=\/wp\/v2\/posts\/34824\/revisions\/34836"}],"wp:attachment":[{"href":"https:\/\/jensgustafsson.se\/index.php?rest_route=%2Fwp%2Fv2%2Fmedia&parent=34824"}],"wp:term":[{"taxonomy":"category","embeddable":true,"href":"https:\/\/jensgustafsson.se\/index.php?rest_route=%2Fwp%2Fv2%2Fcategories&post=34824"},{"taxonomy":"post_tag","embeddable":true,"href":"https:\/\/jensgustafsson.se\/index.php?rest_route=%2Fwp%2Fv2%2Ftags&post=34824"}],"curies":[{"name":"wp","href":"https:\/\/api.w.org\/{rel}","templated":true}]}}