{"id":34834,"date":"2025-01-25T16:57:59","date_gmt":"2025-01-25T15:57:59","guid":{"rendered":"https:\/\/jensgustafsson.se\/?p=34834"},"modified":"2025-01-25T16:58:30","modified_gmt":"2025-01-25T15:58:30","slug":"lordag-25-januari-2025","status":"publish","type":"post","link":"https:\/\/jensgustafsson.se\/?p=34834","title":{"rendered":"L\u00f6rdag 25 januari 2025."},"content":{"rendered":"\n<p class=\"has-medium-font-size\"><em>P\u00e5 morgonen var det n\u00e4stan klar himmel en stund, och temperaturen sj\u00f6nk. Markfrost och ishalka p\u00e5 v\u00e4gen. Tidigt p\u00e5 f\u00f6rmiddagen drog det \u00e5terigen upp moln, och det gr\u00e5a v\u00e4dret var h\u00e4r igen. I eftermiddag har det dragit f\u00f6rbi kortvarigt regn ocks\u00e5, och d\u00e4refter har molnt\u00e4cket b\u00f6rjat l\u00e4tta fr\u00e5n v\u00e4ster.<\/em><\/p>\n\n\n\n<p class=\"has-medium-font-size\"><em>Den l\u00e4gsta temperaturen idag blev +1,9 grader, och den h\u00f6gsta stannade p\u00e5 +5,8 grader.<\/em><\/p>\n\n\n\n<p class=\"has-medium-font-size\"><em>Vinden har varit m\u00e5ttlig, sydlig idag.<\/em><\/p>\n\n\n\n<figure class=\"wp-block-image size-large\"><img loading=\"lazy\" decoding=\"async\" width=\"1024\" height=\"683\" src=\"https:\/\/media1.jensgustafsson.se\/2025\/01\/DSC_0546-1024x683.jpg\" alt=\"\" class=\"wp-image-34840\" srcset=\"https:\/\/media1.jensgustafsson.se\/2025\/01\/DSC_0546-1024x683.jpg 1024w, https:\/\/media1.jensgustafsson.se\/2025\/01\/DSC_0546-300x200.jpg 300w, https:\/\/media1.jensgustafsson.se\/2025\/01\/DSC_0546-768x512.jpg 768w, https:\/\/media1.jensgustafsson.se\/2025\/01\/DSC_0546-1536x1024.jpg 1536w, https:\/\/media1.jensgustafsson.se\/2025\/01\/DSC_0546-2048x1365.jpg 2048w, https:\/\/media1.jensgustafsson.se\/2025\/01\/DSC_0546-450x300.jpg 450w\" sizes=\"auto, (max-width: 1024px) 100vw, 1024px\" \/><figcaption class=\"wp-element-caption\"><strong><em>Vid \u00d6vrasj\u00f6badet i eftermiddag. Fortfarande ljust, och klockan \u00e4r 16.00 n\u00e4r jag tar detta foto.<\/em><\/strong><\/figcaption><\/figure>\n\n\n\n<p class=\"has-medium-font-size\"><em>En sammanfattning fr\u00e5n min v\u00e4derstation, f\u00f6r de senaste 24 timmarna:<\/em><\/p>\n\n\n\n<p class=\"has-medium-font-size\"><strong>20250125 kl. 17.00<br \/>Min. temp: 1,9 \u00b0C<br \/>Max. temp: 5,8 \u00b0C<br \/>Min. lufttryck: 993,2 hPa<br \/>Max. lufttryck: 998,7 hPa<br \/>Min.luftfuktigh. 76 %<br \/>Max.luftfuktigh. 86 %<br \/>Domin. vindriktn.: Sydlig.<br \/>Maxvind: 7 m\/s.<br \/>Nederb\u00f6rd: 1 mm<br \/>Meteorologisk \u00e5rstid: Vinter<br \/>Kalendarisk \u00e5rstid: Vinterm\u00e5nad 2 av 3<br \/>Sn\u00f6djup: Barmark.<\/strong><\/p>\n\n\n\n<figure class=\"wp-block-image size-large\"><img loading=\"lazy\" decoding=\"async\" width=\"1024\" height=\"461\" src=\"https:\/\/media1.jensgustafsson.se\/2025\/01\/image-56-1024x461.png\" alt=\"\" class=\"wp-image-34837\" srcset=\"https:\/\/media1.jensgustafsson.se\/2025\/01\/image-56-1024x461.png 1024w, https:\/\/media1.jensgustafsson.se\/2025\/01\/image-56-300x135.png 300w, https:\/\/media1.jensgustafsson.se\/2025\/01\/image-56-768x346.png 768w, https:\/\/media1.jensgustafsson.se\/2025\/01\/image-56-1536x692.png 1536w, https:\/\/media1.jensgustafsson.se\/2025\/01\/image-56-500x225.png 500w, https:\/\/media1.jensgustafsson.se\/2025\/01\/image-56.png 1849w\" sizes=\"auto, (max-width: 1024px) 100vw, 1024px\" \/><figcaption class=\"wp-element-caption\"><strong><em>M\u00e5nadens medeltemperatur \u00e4r t.o.m. idag 1,3 grader varmare, j\u00e4mf\u00f6rt mot den normala.<\/em><\/strong><\/figcaption><\/figure>\n\n\n\n<figure class=\"wp-block-image size-large\"><img loading=\"lazy\" decoding=\"async\" width=\"1024\" height=\"529\" src=\"https:\/\/media1.jensgustafsson.se\/2025\/01\/image-57-1024x529.png\" alt=\"\" class=\"wp-image-34838\" srcset=\"https:\/\/media1.jensgustafsson.se\/2025\/01\/image-57-1024x529.png 1024w, https:\/\/media1.jensgustafsson.se\/2025\/01\/image-57-300x155.png 300w, https:\/\/media1.jensgustafsson.se\/2025\/01\/image-57-768x397.png 768w, https:\/\/media1.jensgustafsson.se\/2025\/01\/image-57-500x258.png 500w, https:\/\/media1.jensgustafsson.se\/2025\/01\/image-57.png 1487w\" sizes=\"auto, (max-width: 1024px) 100vw, 1024px\" \/><figcaption class=\"wp-element-caption\"><strong><em>M\u00e5nadens nederb\u00f6rd \u00e4r t.o.m. idag 141 % av den normala.<\/em><\/strong><\/figcaption><\/figure>\n\n\n\n<p><\/p>\n","protected":false},"excerpt":{"rendered":"<p>P\u00e5 morgonen var det n\u00e4stan klar himmel en stund, och temperaturen sj\u00f6nk. Markfrost och ishalka p\u00e5 v\u00e4gen. Tidigt p\u00e5 f\u00f6rmiddagen drog det \u00e5terigen upp moln, och det gr\u00e5a v\u00e4dret var h\u00e4r igen. I eftermiddag har det dragit f\u00f6rbi kortvarigt regn &hellip; <a href=\"https:\/\/jensgustafsson.se\/?p=34834\">Forts\u00e4tt l\u00e4sa <span class=\"meta-nav\">&rarr;<\/span><\/a><\/p>\n","protected":false},"author":1,"featured_media":0,"comment_status":"open","ping_status":"","sticky":false,"template":"","format":"standard","meta":{"footnotes":""},"categories":[10],"tags":[],"class_list":["post-34834","post","type-post","status-publish","format-standard","hentry","category-vaderdagbok-2013"],"_links":{"self":[{"href":"https:\/\/jensgustafsson.se\/index.php?rest_route=\/wp\/v2\/posts\/34834","targetHints":{"allow":["GET"]}}],"collection":[{"href":"https:\/\/jensgustafsson.se\/index.php?rest_route=\/wp\/v2\/posts"}],"about":[{"href":"https:\/\/jensgustafsson.se\/index.php?rest_route=\/wp\/v2\/types\/post"}],"author":[{"embeddable":true,"href":"https:\/\/jensgustafsson.se\/index.php?rest_route=\/wp\/v2\/users\/1"}],"replies":[{"embeddable":true,"href":"https:\/\/jensgustafsson.se\/index.php?rest_route=%2Fwp%2Fv2%2Fcomments&post=34834"}],"version-history":[{"count":4,"href":"https:\/\/jensgustafsson.se\/index.php?rest_route=\/wp\/v2\/posts\/34834\/revisions"}],"predecessor-version":[{"id":34842,"href":"https:\/\/jensgustafsson.se\/index.php?rest_route=\/wp\/v2\/posts\/34834\/revisions\/34842"}],"wp:attachment":[{"href":"https:\/\/jensgustafsson.se\/index.php?rest_route=%2Fwp%2Fv2%2Fmedia&parent=34834"}],"wp:term":[{"taxonomy":"category","embeddable":true,"href":"https:\/\/jensgustafsson.se\/index.php?rest_route=%2Fwp%2Fv2%2Fcategories&post=34834"},{"taxonomy":"post_tag","embeddable":true,"href":"https:\/\/jensgustafsson.se\/index.php?rest_route=%2Fwp%2Fv2%2Ftags&post=34834"}],"curies":[{"name":"wp","href":"https:\/\/api.w.org\/{rel}","templated":true}]}}