{"id":34843,"date":"2025-01-26T17:07:42","date_gmt":"2025-01-26T16:07:42","guid":{"rendered":"https:\/\/jensgustafsson.se\/?p=34843"},"modified":"2025-01-26T17:07:42","modified_gmt":"2025-01-26T16:07:42","slug":"sondag-26-januari-2025","status":"publish","type":"post","link":"https:\/\/jensgustafsson.se\/?p=34843","title":{"rendered":"S\u00f6ndag 26 januari 2025."},"content":{"rendered":"\n<p class=\"has-medium-font-size\"><em>P\u00e5 morgonen var det halvklart v\u00e4der, och temperaturen sj\u00f6nk, s\u00e5 det blev lite markfrost, och fl\u00e4ckvis ishalka p\u00e5 v\u00e4garna igen. Molnigheten \u00f6kade efterhand, men man kunde se solskivan bakom molnen en stund p\u00e5 f\u00f6rmiddagen. Eftermiddagen \u00f6verv\u00e4gande mulen.<\/em><\/p>\n\n\n\n<p class=\"has-medium-font-size\"><em>Plusgrader hela dygnet. L\u00e4gsta temperaturen blev +0,7 grader och den h\u00f6gsta blev +3,8 grader.<\/em><\/p>\n\n\n\n<p class=\"has-medium-font-size\"><em>Vinden har varit sydv\u00e4stlig, och under natten var den m\u00e5ttlig i styrka, men har avtagit till svag under dagen.<\/em><\/p>\n\n\n\n<figure class=\"wp-block-image size-large\"><img loading=\"lazy\" decoding=\"async\" width=\"1024\" height=\"635\" src=\"https:\/\/media1.jensgustafsson.se\/2025\/01\/DSC_0537-1024x635.jpg\" alt=\"\" class=\"wp-image-34844\" srcset=\"https:\/\/media1.jensgustafsson.se\/2025\/01\/DSC_0537-1024x635.jpg 1024w, https:\/\/media1.jensgustafsson.se\/2025\/01\/DSC_0537-300x186.jpg 300w, https:\/\/media1.jensgustafsson.se\/2025\/01\/DSC_0537-768x476.jpg 768w, https:\/\/media1.jensgustafsson.se\/2025\/01\/DSC_0537-1536x953.jpg 1536w, https:\/\/media1.jensgustafsson.se\/2025\/01\/DSC_0537-2048x1271.jpg 2048w, https:\/\/media1.jensgustafsson.se\/2025\/01\/DSC_0537-484x300.jpg 484w\" sizes=\"auto, (max-width: 1024px) 100vw, 1024px\" \/><figcaption class=\"wp-element-caption\"><strong><em>Ett par r\u00e5djur gick och \u00e5t lite i lugn och ro ute p\u00e5 \u00e5krarna<\/em><\/strong>.<\/figcaption><\/figure>\n\n\n\n<p class=\"has-medium-font-size\"><em>En sammanfattning fr\u00e5n min v\u00e4derstation, f\u00f6r de senaste 24 timmarna:<\/em><\/p>\n\n\n\n<p class=\"has-medium-font-size\"><strong>20250126 kl. 17.00<br \/>Min. temp: 0,7 \u00b0C<br \/>Max. temp: 3,8 \u00b0C<br \/>Min. lufttryck: 995,5 hPa<br \/>Max. lufttryck: 1004,2 hPa<br \/>Min.luftfuktigh. 81 %<br \/>Max.luftfuktigh. 88 %<br \/>Domin. vindriktn.: Sydv\u00e4stlig<br \/>Maxvind: 9 m\/s.<br \/>Nederb\u00f6rd: 0 mm<br \/>Meteorologisk \u00e5rstid: Vinter<br \/>Kalendarisk \u00e5rstid: Vinterm\u00e5nad 2 av 3<br \/>Sn\u00f6djup: Barmark.<\/strong><\/p>\n\n\n\n<figure class=\"wp-block-image size-large\"><img loading=\"lazy\" decoding=\"async\" width=\"1024\" height=\"461\" src=\"https:\/\/media1.jensgustafsson.se\/2025\/01\/image-58-1024x461.png\" alt=\"\" class=\"wp-image-34846\" srcset=\"https:\/\/media1.jensgustafsson.se\/2025\/01\/image-58-1024x461.png 1024w, https:\/\/media1.jensgustafsson.se\/2025\/01\/image-58-300x135.png 300w, https:\/\/media1.jensgustafsson.se\/2025\/01\/image-58-768x346.png 768w, https:\/\/media1.jensgustafsson.se\/2025\/01\/image-58-1536x692.png 1536w, https:\/\/media1.jensgustafsson.se\/2025\/01\/image-58-500x225.png 500w, https:\/\/media1.jensgustafsson.se\/2025\/01\/image-58.png 1849w\" sizes=\"auto, (max-width: 1024px) 100vw, 1024px\" \/><figcaption class=\"wp-element-caption\"><strong><em>M\u00e5nadens medeltemperatur \u00e4r t.o.m. idag 1,4 grader varmare, j\u00e4mf\u00f6rt mot den normala.<\/em><\/strong><\/figcaption><\/figure>\n\n\n\n<figure class=\"wp-block-image size-large\"><img loading=\"lazy\" decoding=\"async\" width=\"1024\" height=\"529\" src=\"https:\/\/media1.jensgustafsson.se\/2025\/01\/image-59-1024x529.png\" alt=\"\" class=\"wp-image-34847\" srcset=\"https:\/\/media1.jensgustafsson.se\/2025\/01\/image-59-1024x529.png 1024w, https:\/\/media1.jensgustafsson.se\/2025\/01\/image-59-300x155.png 300w, https:\/\/media1.jensgustafsson.se\/2025\/01\/image-59-768x397.png 768w, https:\/\/media1.jensgustafsson.se\/2025\/01\/image-59-500x258.png 500w, https:\/\/media1.jensgustafsson.se\/2025\/01\/image-59.png 1487w\" sizes=\"auto, (max-width: 1024px) 100vw, 1024px\" \/><figcaption class=\"wp-element-caption\"><strong><em>M\u00e5nadens nederb\u00f6rd \u00e4r t.o.m. idag 141 % av den normala.<\/em><\/strong><\/figcaption><\/figure>\n","protected":false},"excerpt":{"rendered":"<p>P\u00e5 morgonen var det halvklart v\u00e4der, och temperaturen sj\u00f6nk, s\u00e5 det blev lite markfrost, och fl\u00e4ckvis ishalka p\u00e5 v\u00e4garna igen. Molnigheten \u00f6kade efterhand, men man kunde se solskivan bakom molnen en stund p\u00e5 f\u00f6rmiddagen. Eftermiddagen \u00f6verv\u00e4gande mulen. Plusgrader hela dygnet. &hellip; <a href=\"https:\/\/jensgustafsson.se\/?p=34843\">Forts\u00e4tt l\u00e4sa <span class=\"meta-nav\">&rarr;<\/span><\/a><\/p>\n","protected":false},"author":1,"featured_media":0,"comment_status":"open","ping_status":"","sticky":false,"template":"","format":"standard","meta":{"footnotes":""},"categories":[10],"tags":[],"class_list":["post-34843","post","type-post","status-publish","format-standard","hentry","category-vaderdagbok-2013"],"_links":{"self":[{"href":"https:\/\/jensgustafsson.se\/index.php?rest_route=\/wp\/v2\/posts\/34843","targetHints":{"allow":["GET"]}}],"collection":[{"href":"https:\/\/jensgustafsson.se\/index.php?rest_route=\/wp\/v2\/posts"}],"about":[{"href":"https:\/\/jensgustafsson.se\/index.php?rest_route=\/wp\/v2\/types\/post"}],"author":[{"embeddable":true,"href":"https:\/\/jensgustafsson.se\/index.php?rest_route=\/wp\/v2\/users\/1"}],"replies":[{"embeddable":true,"href":"https:\/\/jensgustafsson.se\/index.php?rest_route=%2Fwp%2Fv2%2Fcomments&post=34843"}],"version-history":[{"count":2,"href":"https:\/\/jensgustafsson.se\/index.php?rest_route=\/wp\/v2\/posts\/34843\/revisions"}],"predecessor-version":[{"id":34848,"href":"https:\/\/jensgustafsson.se\/index.php?rest_route=\/wp\/v2\/posts\/34843\/revisions\/34848"}],"wp:attachment":[{"href":"https:\/\/jensgustafsson.se\/index.php?rest_route=%2Fwp%2Fv2%2Fmedia&parent=34843"}],"wp:term":[{"taxonomy":"category","embeddable":true,"href":"https:\/\/jensgustafsson.se\/index.php?rest_route=%2Fwp%2Fv2%2Fcategories&post=34843"},{"taxonomy":"post_tag","embeddable":true,"href":"https:\/\/jensgustafsson.se\/index.php?rest_route=%2Fwp%2Fv2%2Ftags&post=34843"}],"curies":[{"name":"wp","href":"https:\/\/api.w.org\/{rel}","templated":true}]}}