{"id":34849,"date":"2025-01-27T17:31:10","date_gmt":"2025-01-27T16:31:10","guid":{"rendered":"https:\/\/jensgustafsson.se\/?p=34849"},"modified":"2025-01-27T17:31:10","modified_gmt":"2025-01-27T16:31:10","slug":"mandag-27-januari-2025","status":"publish","type":"post","link":"https:\/\/jensgustafsson.se\/?p=34849","title":{"rendered":"M\u00e5ndag 27 januari 2025."},"content":{"rendered":"\n<p class=\"has-medium-font-size\"><em>Efter en tillf\u00e4llig uppklarning under natten och minusgrader, s\u00e5 mulnade det innan solen gick upp idag. D\u00e4refter har vi haft gr\u00e5tt och disigt v\u00e4der med tidvis duggregn. Till att b\u00f6rja med f\u00f6ll nederb\u00f6rden som sn\u00f6blandat regn. En dag i januari som mest liknat en novemberdag med sin gr\u00e5het.<\/em><\/p>\n\n\n\n<p class=\"has-medium-font-size\"><em>Den l\u00e4gsta temperaturen i natt blev -2,7 grader, och den h\u00f6gsta blev +2,9 grader.<\/em><\/p>\n\n\n\n<p class=\"has-medium-font-size\"><em>Vinden har varit svag till m\u00e5ttlig, och sv\u00e4ngt lite mellan nordost-ost-sydost.<\/em><\/p>\n\n\n\n<figure class=\"wp-block-image size-large\"><img loading=\"lazy\" decoding=\"async\" width=\"1024\" height=\"768\" src=\"https:\/\/media1.jensgustafsson.se\/2025\/01\/27-jan-2025-2-1024x768.jpg\" alt=\"\" class=\"wp-image-34853\" srcset=\"https:\/\/media1.jensgustafsson.se\/2025\/01\/27-jan-2025-2-1024x768.jpg 1024w, https:\/\/media1.jensgustafsson.se\/2025\/01\/27-jan-2025-2-300x225.jpg 300w, https:\/\/media1.jensgustafsson.se\/2025\/01\/27-jan-2025-2-768x576.jpg 768w, https:\/\/media1.jensgustafsson.se\/2025\/01\/27-jan-2025-2-1536x1152.jpg 1536w, https:\/\/media1.jensgustafsson.se\/2025\/01\/27-jan-2025-2-400x300.jpg 400w, https:\/\/media1.jensgustafsson.se\/2025\/01\/27-jan-2025-2.jpg 1868w\" sizes=\"auto, (max-width: 1024px) 100vw, 1024px\" \/><figcaption class=\"wp-element-caption\"><strong><em>Dagens v\u00e4derbild \u00f6ver Bruksdammen. Mulet, disigt och trist.<\/em><\/strong><\/figcaption><\/figure>\n\n\n\n<p class=\"has-medium-font-size\"><em>En sammanfattning fr\u00e5n min v\u00e4derstation, f\u00f6r de senaste 24 timmarna:<\/em><\/p>\n\n\n\n<p class=\"has-medium-font-size\"><strong>20250127 kl. 17.00<br \/>Min. temp: -2,7 \u00b0C<br \/>Max. temp: 2,9 \u00b0C<br \/>Min. lufttryck: 990,3 hPa<br \/>Max. lufttryck: 1002,2 hPa<br \/>Min.luftfuktigh. 83 %<br \/>Max.luftfuktigh. 88 %<br \/>Domin. vindriktn.: Nordostlig<br \/>Maxvind: 7 m\/s.<br \/>Nederb\u00f6rd: 1 mm<br \/>Meteorologisk \u00e5rstid: Vinter<br \/>Kalendarisk \u00e5rstid: Vinterm\u00e5nad 2 av 3<br \/>Sn\u00f6djup: Barmark.<\/strong><\/p>\n\n\n\n<figure class=\"wp-block-image size-large\"><img loading=\"lazy\" decoding=\"async\" width=\"1024\" height=\"461\" src=\"https:\/\/media1.jensgustafsson.se\/2025\/01\/image-60-1024x461.png\" alt=\"\" class=\"wp-image-34850\" srcset=\"https:\/\/media1.jensgustafsson.se\/2025\/01\/image-60-1024x461.png 1024w, https:\/\/media1.jensgustafsson.se\/2025\/01\/image-60-300x135.png 300w, https:\/\/media1.jensgustafsson.se\/2025\/01\/image-60-768x346.png 768w, https:\/\/media1.jensgustafsson.se\/2025\/01\/image-60-1536x692.png 1536w, https:\/\/media1.jensgustafsson.se\/2025\/01\/image-60-500x225.png 500w, https:\/\/media1.jensgustafsson.se\/2025\/01\/image-60.png 1849w\" sizes=\"auto, (max-width: 1024px) 100vw, 1024px\" \/><figcaption class=\"wp-element-caption\"><strong><em>M\u00e5nadens medeltemperatur \u00e4r t.o.m. idag 1,4 grader varmare, j\u00e4mf\u00f6rt mot den normala.<\/em><\/strong><\/figcaption><\/figure>\n\n\n\n<figure class=\"wp-block-image size-large\"><img loading=\"lazy\" decoding=\"async\" width=\"1024\" height=\"529\" src=\"https:\/\/media1.jensgustafsson.se\/2025\/01\/image-61-1024x529.png\" alt=\"\" class=\"wp-image-34851\" srcset=\"https:\/\/media1.jensgustafsson.se\/2025\/01\/image-61-1024x529.png 1024w, https:\/\/media1.jensgustafsson.se\/2025\/01\/image-61-300x155.png 300w, https:\/\/media1.jensgustafsson.se\/2025\/01\/image-61-768x397.png 768w, https:\/\/media1.jensgustafsson.se\/2025\/01\/image-61-500x258.png 500w, https:\/\/media1.jensgustafsson.se\/2025\/01\/image-61.png 1487w\" sizes=\"auto, (max-width: 1024px) 100vw, 1024px\" \/><figcaption class=\"wp-element-caption\"><strong><em>M\u00e5nadens nederb\u00f6rd \u00e4r t.o.m. idag 144 % av den normala.<\/em><\/strong><\/figcaption><\/figure>\n\n\n\n<p><\/p>\n\n\n\n<p><\/p>\n","protected":false},"excerpt":{"rendered":"<p>Efter en tillf\u00e4llig uppklarning under natten och minusgrader, s\u00e5 mulnade det innan solen gick upp idag. D\u00e4refter har vi haft gr\u00e5tt och disigt v\u00e4der med tidvis duggregn. Till att b\u00f6rja med f\u00f6ll nederb\u00f6rden som sn\u00f6blandat regn. En dag i januari &hellip; <a href=\"https:\/\/jensgustafsson.se\/?p=34849\">Forts\u00e4tt l\u00e4sa <span class=\"meta-nav\">&rarr;<\/span><\/a><\/p>\n","protected":false},"author":1,"featured_media":0,"comment_status":"open","ping_status":"","sticky":false,"template":"","format":"standard","meta":{"footnotes":""},"categories":[10],"tags":[],"class_list":["post-34849","post","type-post","status-publish","format-standard","hentry","category-vaderdagbok-2013"],"_links":{"self":[{"href":"https:\/\/jensgustafsson.se\/index.php?rest_route=\/wp\/v2\/posts\/34849","targetHints":{"allow":["GET"]}}],"collection":[{"href":"https:\/\/jensgustafsson.se\/index.php?rest_route=\/wp\/v2\/posts"}],"about":[{"href":"https:\/\/jensgustafsson.se\/index.php?rest_route=\/wp\/v2\/types\/post"}],"author":[{"embeddable":true,"href":"https:\/\/jensgustafsson.se\/index.php?rest_route=\/wp\/v2\/users\/1"}],"replies":[{"embeddable":true,"href":"https:\/\/jensgustafsson.se\/index.php?rest_route=%2Fwp%2Fv2%2Fcomments&post=34849"}],"version-history":[{"count":2,"href":"https:\/\/jensgustafsson.se\/index.php?rest_route=\/wp\/v2\/posts\/34849\/revisions"}],"predecessor-version":[{"id":34854,"href":"https:\/\/jensgustafsson.se\/index.php?rest_route=\/wp\/v2\/posts\/34849\/revisions\/34854"}],"wp:attachment":[{"href":"https:\/\/jensgustafsson.se\/index.php?rest_route=%2Fwp%2Fv2%2Fmedia&parent=34849"}],"wp:term":[{"taxonomy":"category","embeddable":true,"href":"https:\/\/jensgustafsson.se\/index.php?rest_route=%2Fwp%2Fv2%2Fcategories&post=34849"},{"taxonomy":"post_tag","embeddable":true,"href":"https:\/\/jensgustafsson.se\/index.php?rest_route=%2Fwp%2Fv2%2Ftags&post=34849"}],"curies":[{"name":"wp","href":"https:\/\/api.w.org\/{rel}","templated":true}]}}