{"id":34855,"date":"2025-01-28T18:29:14","date_gmt":"2025-01-28T17:29:14","guid":{"rendered":"https:\/\/jensgustafsson.se\/?p=34855"},"modified":"2025-01-28T18:29:14","modified_gmt":"2025-01-28T17:29:14","slug":"tisdag-28-januari-2025","status":"publish","type":"post","link":"https:\/\/jensgustafsson.se\/?p=34855","title":{"rendered":"Tisdag 28 januari 2025."},"content":{"rendered":"\n<p class=\"has-medium-font-size\"><em>Idag p\u00e5 morgonen var det dimma och disigt. Fram p\u00e5 f\u00f6rmiddagen l\u00e4ttade molnt\u00e4cket, och resten av dagen s\u00e5 har vi haft v\u00e4xlande molnighet, och \u00e4ntligen f\u00e5tt se solen lite grann.<\/em><\/p>\n\n\n\n<p class=\"has-medium-font-size\"><em>Plusgrader hela dygnet. Den l\u00e4gsta temperaturen blev +1,2 grader, och den h\u00f6gsta stack iv\u00e4g \u00e4nda upp till +7,5 grader idag.<\/em><\/p>\n\n\n\n<p class=\"has-medium-font-size\"><em>Vinden har varit svag, och har i huvudsak kommit fr\u00e5n sydost.<\/em><\/p>\n\n\n\n<figure class=\"wp-block-image size-large\"><img loading=\"lazy\" decoding=\"async\" width=\"1024\" height=\"683\" src=\"https:\/\/media1.jensgustafsson.se\/2025\/01\/DSC_0568-1024x683.jpg\" alt=\"\" class=\"wp-image-34859\" srcset=\"https:\/\/media1.jensgustafsson.se\/2025\/01\/DSC_0568-1024x683.jpg 1024w, https:\/\/media1.jensgustafsson.se\/2025\/01\/DSC_0568-300x200.jpg 300w, https:\/\/media1.jensgustafsson.se\/2025\/01\/DSC_0568-768x512.jpg 768w, https:\/\/media1.jensgustafsson.se\/2025\/01\/DSC_0568-1536x1024.jpg 1536w, https:\/\/media1.jensgustafsson.se\/2025\/01\/DSC_0568-2048x1365.jpg 2048w, https:\/\/media1.jensgustafsson.se\/2025\/01\/DSC_0568-450x300.jpg 450w\" sizes=\"auto, (max-width: 1024px) 100vw, 1024px\" \/><figcaption class=\"wp-element-caption\"><strong><em>Idag lyste solen lite \u00f6ver Vecklevad.<\/em><\/strong><\/figcaption><\/figure>\n\n\n\n<p class=\"has-medium-font-size\"><em>En sammanfattning fr\u00e5n min v\u00e4derstation, f\u00f6r de senaste 24 timmarna:<\/em><\/p>\n\n\n\n<p class=\"has-medium-font-size\"><strong>20250128 kl. 18.00<br \/>Min. temp: 1,2 \u00b0C<br \/>Max. temp: 7,5 \u00b0C<br \/>Min. lufttryck: 989,7 hPa<br \/>Max. lufttryck: 996 hPa<br \/>Min.luftfuktigh. 85 %<br \/>Max.luftfuktigh. 89 %<br \/>Domin. vindriktn.: Sydostlig<br \/>Maxvind: 3 m\/s.<br \/>Nederb\u00f6rd: 0 mm<br \/>Meteorologisk \u00e5rstid: Vinter<br \/>Kalendarisk \u00e5rstid: Vinterm\u00e5nad 2 av 3<br \/>Sn\u00f6djup: Barmark.<\/strong><\/p>\n\n\n\n<figure class=\"wp-block-image size-large\"><img loading=\"lazy\" decoding=\"async\" width=\"1024\" height=\"461\" src=\"https:\/\/media1.jensgustafsson.se\/2025\/01\/image-62-1024x461.png\" alt=\"\" class=\"wp-image-34856\" srcset=\"https:\/\/media1.jensgustafsson.se\/2025\/01\/image-62-1024x461.png 1024w, https:\/\/media1.jensgustafsson.se\/2025\/01\/image-62-300x135.png 300w, https:\/\/media1.jensgustafsson.se\/2025\/01\/image-62-768x346.png 768w, https:\/\/media1.jensgustafsson.se\/2025\/01\/image-62-1536x692.png 1536w, https:\/\/media1.jensgustafsson.se\/2025\/01\/image-62-500x225.png 500w, https:\/\/media1.jensgustafsson.se\/2025\/01\/image-62.png 1849w\" sizes=\"auto, (max-width: 1024px) 100vw, 1024px\" \/><figcaption class=\"wp-element-caption\"><strong><em>M\u00e5nadens medeltemperatur \u00e4r t.o.m. idag 1,5 grader varmare, j\u00e4mf\u00f6rt mot den normala.<\/em><\/strong><\/figcaption><\/figure>\n\n\n\n<figure class=\"wp-block-image size-large\"><img loading=\"lazy\" decoding=\"async\" width=\"1024\" height=\"529\" src=\"https:\/\/media1.jensgustafsson.se\/2025\/01\/image-63-1024x529.png\" alt=\"\" class=\"wp-image-34857\" srcset=\"https:\/\/media1.jensgustafsson.se\/2025\/01\/image-63-1024x529.png 1024w, https:\/\/media1.jensgustafsson.se\/2025\/01\/image-63-300x155.png 300w, https:\/\/media1.jensgustafsson.se\/2025\/01\/image-63-768x397.png 768w, https:\/\/media1.jensgustafsson.se\/2025\/01\/image-63-500x258.png 500w, https:\/\/media1.jensgustafsson.se\/2025\/01\/image-63.png 1487w\" sizes=\"auto, (max-width: 1024px) 100vw, 1024px\" \/><figcaption class=\"wp-element-caption\"><strong><em>M\u00e5nadens nederb\u00f6rd \u00e4r t.o.m. idag 144 % av den normala.<\/em><\/strong><\/figcaption><\/figure>\n","protected":false},"excerpt":{"rendered":"<p>Idag p\u00e5 morgonen var det dimma och disigt. Fram p\u00e5 f\u00f6rmiddagen l\u00e4ttade molnt\u00e4cket, och resten av dagen s\u00e5 har vi haft v\u00e4xlande molnighet, och \u00e4ntligen f\u00e5tt se solen lite grann. Plusgrader hela dygnet. Den l\u00e4gsta temperaturen blev +1,2 grader, och &hellip; <a href=\"https:\/\/jensgustafsson.se\/?p=34855\">Forts\u00e4tt l\u00e4sa <span class=\"meta-nav\">&rarr;<\/span><\/a><\/p>\n","protected":false},"author":1,"featured_media":0,"comment_status":"open","ping_status":"","sticky":false,"template":"","format":"standard","meta":{"footnotes":""},"categories":[10],"tags":[],"class_list":["post-34855","post","type-post","status-publish","format-standard","hentry","category-vaderdagbok-2013"],"_links":{"self":[{"href":"https:\/\/jensgustafsson.se\/index.php?rest_route=\/wp\/v2\/posts\/34855","targetHints":{"allow":["GET"]}}],"collection":[{"href":"https:\/\/jensgustafsson.se\/index.php?rest_route=\/wp\/v2\/posts"}],"about":[{"href":"https:\/\/jensgustafsson.se\/index.php?rest_route=\/wp\/v2\/types\/post"}],"author":[{"embeddable":true,"href":"https:\/\/jensgustafsson.se\/index.php?rest_route=\/wp\/v2\/users\/1"}],"replies":[{"embeddable":true,"href":"https:\/\/jensgustafsson.se\/index.php?rest_route=%2Fwp%2Fv2%2Fcomments&post=34855"}],"version-history":[{"count":3,"href":"https:\/\/jensgustafsson.se\/index.php?rest_route=\/wp\/v2\/posts\/34855\/revisions"}],"predecessor-version":[{"id":34861,"href":"https:\/\/jensgustafsson.se\/index.php?rest_route=\/wp\/v2\/posts\/34855\/revisions\/34861"}],"wp:attachment":[{"href":"https:\/\/jensgustafsson.se\/index.php?rest_route=%2Fwp%2Fv2%2Fmedia&parent=34855"}],"wp:term":[{"taxonomy":"category","embeddable":true,"href":"https:\/\/jensgustafsson.se\/index.php?rest_route=%2Fwp%2Fv2%2Fcategories&post=34855"},{"taxonomy":"post_tag","embeddable":true,"href":"https:\/\/jensgustafsson.se\/index.php?rest_route=%2Fwp%2Fv2%2Ftags&post=34855"}],"curies":[{"name":"wp","href":"https:\/\/api.w.org\/{rel}","templated":true}]}}