{"id":34862,"date":"2025-01-29T17:12:07","date_gmt":"2025-01-29T16:12:07","guid":{"rendered":"https:\/\/jensgustafsson.se\/?p=34862"},"modified":"2025-01-29T17:12:07","modified_gmt":"2025-01-29T16:12:07","slug":"onsdag-29-januari-2025","status":"publish","type":"post","link":"https:\/\/jensgustafsson.se\/?p=34862","title":{"rendered":"Onsdag 29 januari 2025."},"content":{"rendered":"\n<p class=\"has-medium-font-size\"><em>Under natten och f\u00f6rmiddagen regnade det, och tidvis var det ganska ih\u00e5llande. Efter lunch sluta det upp, och molnt\u00e4cket sprack upp lite grann. V\u00e4xlande molnighet med n\u00e5gra regnst\u00e4nk till under eftermiddagen.<\/em><\/p>\n\n\n\n<p class=\"has-medium-font-size\"><em>Flera plusgrader b\u00e5de dag och natt. Den l\u00e4gsta temperaturen blev +3,4 grader, och den h\u00f6gsta blev +6,8 grader.<\/em><\/p>\n\n\n\n<p class=\"has-medium-font-size\"><em>Vinden har varit svag, omkring v\u00e4st.<\/em><\/p>\n\n\n\n<figure class=\"wp-block-image size-large\"><img loading=\"lazy\" decoding=\"async\" width=\"1024\" height=\"738\" src=\"https:\/\/media1.jensgustafsson.se\/2025\/01\/DSC_0611-1024x738.jpg\" alt=\"\" class=\"wp-image-34866\" srcset=\"https:\/\/media1.jensgustafsson.se\/2025\/01\/DSC_0611-1024x738.jpg 1024w, https:\/\/media1.jensgustafsson.se\/2025\/01\/DSC_0611-300x216.jpg 300w, https:\/\/media1.jensgustafsson.se\/2025\/01\/DSC_0611-768x554.jpg 768w, https:\/\/media1.jensgustafsson.se\/2025\/01\/DSC_0611-1536x1108.jpg 1536w, https:\/\/media1.jensgustafsson.se\/2025\/01\/DSC_0611-2048x1477.jpg 2048w, https:\/\/media1.jensgustafsson.se\/2025\/01\/DSC_0611-416x300.jpg 416w\" sizes=\"auto, (max-width: 1024px) 100vw, 1024px\" \/><\/figure>\n\n\n\n<p class=\"has-medium-font-size\"><em>En sammanfattning fr\u00e5n min v\u00e4derstation, f\u00f6r de senaste 24 timmarna:<\/em><\/p>\n\n\n\n<p class=\"has-medium-font-size\"><strong>20250129 kl. 17.00<br \/>Min. temp: 3,4 \u00b0C<br \/>Max. temp: 6,8 \u00b0C<br \/>Min. lufttryck: 992,3 hPa<br \/>Max. lufttryck: 996,4 hPa<br \/>Min.luftfuktigh. 84 %<br \/>Max.luftfuktigh. 89 %<br \/>Domin. vindriktn.: V\u00e4stlig<br \/>Maxvind: 4 m\/s.<br \/>Nederb\u00f6rd: 9 mm<br \/>Meteorologisk \u00e5rstid: Vinter<br \/>Kalendarisk \u00e5rstid: Vinterm\u00e5nad 2 av 3<br \/>Sn\u00f6djup: Barmark.<\/strong><\/p>\n\n\n\n<figure class=\"wp-block-image size-large\"><img loading=\"lazy\" decoding=\"async\" width=\"1024\" height=\"461\" src=\"https:\/\/media1.jensgustafsson.se\/2025\/01\/image-64-1024x461.png\" alt=\"\" class=\"wp-image-34863\" srcset=\"https:\/\/media1.jensgustafsson.se\/2025\/01\/image-64-1024x461.png 1024w, https:\/\/media1.jensgustafsson.se\/2025\/01\/image-64-300x135.png 300w, https:\/\/media1.jensgustafsson.se\/2025\/01\/image-64-768x346.png 768w, https:\/\/media1.jensgustafsson.se\/2025\/01\/image-64-1536x692.png 1536w, https:\/\/media1.jensgustafsson.se\/2025\/01\/image-64-500x225.png 500w, https:\/\/media1.jensgustafsson.se\/2025\/01\/image-64.png 1849w\" sizes=\"auto, (max-width: 1024px) 100vw, 1024px\" \/><figcaption class=\"wp-element-caption\"><strong><em>M\u00e5nadens medeltemperatur \u00e4r t.o.m. idag 1,7 grader varmare, j\u00e4mf\u00f6rt mot den normala.<\/em><\/strong><\/figcaption><\/figure>\n\n\n\n<figure class=\"wp-block-image size-large\"><img loading=\"lazy\" decoding=\"async\" width=\"1024\" height=\"529\" src=\"https:\/\/media1.jensgustafsson.se\/2025\/01\/image-65-1024x529.png\" alt=\"\" class=\"wp-image-34864\" srcset=\"https:\/\/media1.jensgustafsson.se\/2025\/01\/image-65-1024x529.png 1024w, https:\/\/media1.jensgustafsson.se\/2025\/01\/image-65-300x155.png 300w, https:\/\/media1.jensgustafsson.se\/2025\/01\/image-65-768x397.png 768w, https:\/\/media1.jensgustafsson.se\/2025\/01\/image-65-500x258.png 500w, https:\/\/media1.jensgustafsson.se\/2025\/01\/image-65.png 1487w\" sizes=\"auto, (max-width: 1024px) 100vw, 1024px\" \/><figcaption class=\"wp-element-caption\"><strong><em>M\u00e5nadens nederb\u00f6rd \u00e4r t.o.m. idag 171 % av den normala.<\/em><\/strong><\/figcaption><\/figure>\n\n\n\n<p><\/p>\n","protected":false},"excerpt":{"rendered":"<p>Under natten och f\u00f6rmiddagen regnade det, och tidvis var det ganska ih\u00e5llande. Efter lunch sluta det upp, och molnt\u00e4cket sprack upp lite grann. V\u00e4xlande molnighet med n\u00e5gra regnst\u00e4nk till under eftermiddagen. Flera plusgrader b\u00e5de dag och natt. Den l\u00e4gsta temperaturen &hellip; <a href=\"https:\/\/jensgustafsson.se\/?p=34862\">Forts\u00e4tt l\u00e4sa <span class=\"meta-nav\">&rarr;<\/span><\/a><\/p>\n","protected":false},"author":1,"featured_media":0,"comment_status":"closed","ping_status":"","sticky":false,"template":"","format":"standard","meta":{"footnotes":""},"categories":[10],"tags":[],"class_list":["post-34862","post","type-post","status-publish","format-standard","hentry","category-vaderdagbok-2013"],"_links":{"self":[{"href":"https:\/\/jensgustafsson.se\/index.php?rest_route=\/wp\/v2\/posts\/34862","targetHints":{"allow":["GET"]}}],"collection":[{"href":"https:\/\/jensgustafsson.se\/index.php?rest_route=\/wp\/v2\/posts"}],"about":[{"href":"https:\/\/jensgustafsson.se\/index.php?rest_route=\/wp\/v2\/types\/post"}],"author":[{"embeddable":true,"href":"https:\/\/jensgustafsson.se\/index.php?rest_route=\/wp\/v2\/users\/1"}],"replies":[{"embeddable":true,"href":"https:\/\/jensgustafsson.se\/index.php?rest_route=%2Fwp%2Fv2%2Fcomments&post=34862"}],"version-history":[{"count":2,"href":"https:\/\/jensgustafsson.se\/index.php?rest_route=\/wp\/v2\/posts\/34862\/revisions"}],"predecessor-version":[{"id":34867,"href":"https:\/\/jensgustafsson.se\/index.php?rest_route=\/wp\/v2\/posts\/34862\/revisions\/34867"}],"wp:attachment":[{"href":"https:\/\/jensgustafsson.se\/index.php?rest_route=%2Fwp%2Fv2%2Fmedia&parent=34862"}],"wp:term":[{"taxonomy":"category","embeddable":true,"href":"https:\/\/jensgustafsson.se\/index.php?rest_route=%2Fwp%2Fv2%2Fcategories&post=34862"},{"taxonomy":"post_tag","embeddable":true,"href":"https:\/\/jensgustafsson.se\/index.php?rest_route=%2Fwp%2Fv2%2Ftags&post=34862"}],"curies":[{"name":"wp","href":"https:\/\/api.w.org\/{rel}","templated":true}]}}