{"id":34868,"date":"2025-01-30T16:57:35","date_gmt":"2025-01-30T15:57:35","guid":{"rendered":"https:\/\/jensgustafsson.se\/?p=34868"},"modified":"2025-01-30T16:58:35","modified_gmt":"2025-01-30T15:58:35","slug":"torsdag-30-januari-2025","status":"publish","type":"post","link":"https:\/\/jensgustafsson.se\/?p=34868","title":{"rendered":"Torsdag 30 januari 2025."},"content":{"rendered":"\n<p class=\"has-medium-font-size\"><em>P\u00e5 f\u00f6rmiddagen var det n\u00e5gra luckor i molnt\u00e4cket, s\u00e5 man kunde se lite solljus d\u00e5 och d\u00e5. Eftermiddagen har dominerats av moln, och gr\u00e5tt v\u00e4der. Tidvis lite duggregn ocks\u00e5, men inget m\u00e4tbart.<\/em><\/p>\n\n\n\n<p class=\"has-medium-font-size\"><em>Fortsatt milt f\u00f6r att vara i januari. Den l\u00e4gsta temperaturen blev +4,6 grader, och den h\u00f6gsta <\/em>blev +6,4 grader.<\/p>\n\n\n\n<p class=\"has-medium-font-size\"><em>Vinden har varit svag, och mestadels kommit fr\u00e5n syd. <\/em><\/p>\n\n\n\n<figure class=\"wp-block-image size-large\"><img loading=\"lazy\" decoding=\"async\" width=\"1024\" height=\"683\" src=\"https:\/\/media1.jensgustafsson.se\/2025\/01\/DSC_0620-1024x683.jpg\" alt=\"\" class=\"wp-image-34872\" srcset=\"https:\/\/media1.jensgustafsson.se\/2025\/01\/DSC_0620-1024x683.jpg 1024w, https:\/\/media1.jensgustafsson.se\/2025\/01\/DSC_0620-300x200.jpg 300w, https:\/\/media1.jensgustafsson.se\/2025\/01\/DSC_0620-768x512.jpg 768w, https:\/\/media1.jensgustafsson.se\/2025\/01\/DSC_0620-1536x1024.jpg 1536w, https:\/\/media1.jensgustafsson.se\/2025\/01\/DSC_0620-2048x1365.jpg 2048w, https:\/\/media1.jensgustafsson.se\/2025\/01\/DSC_0620-450x300.jpg 450w\" sizes=\"auto, (max-width: 1024px) 100vw, 1024px\" \/><figcaption class=\"wp-element-caption\"><strong><em>Foto taget ner vid Ryningen i eftermiddag. Mulet och gr\u00e5tt, och Em\u00e5n har stigit upp p\u00e5 \u00e5krarna d\u00e4r.<\/em><\/strong><\/figcaption><\/figure>\n\n\n\n<p class=\"has-medium-font-size\"><em>En sammanfattning fr\u00e5n min v\u00e4derstation, f\u00f6r de senaste 24 timmarna:<\/em><\/p>\n\n\n\n<p class=\"has-medium-font-size\"><strong>20250130 kl. 17.00<br \/>Min. temp: 4,4 \u00b0C<br \/>Max. temp: 6,4 \u00b0C<br \/>Min. lufttryck: 994,7 hPa<br \/>Max. lufttryck: 1005,6 hPa<br \/>Min.luftfuktigh. 84 %<br \/>Max.luftfuktigh. 87 %<br \/>Domin. vindriktn.: Sydlig<br \/>Maxvind: 5 m\/s.<br \/>Nederb\u00f6rd: 0 mm<br \/>Meteorologisk \u00e5rstid: Vinter<br \/>Kalendarisk \u00e5rstid: Vinterm\u00e5nad 2 av 3<br \/>Sn\u00f6djup: Barmark.<\/strong><\/p>\n\n\n\n<figure class=\"wp-block-image size-large\"><img loading=\"lazy\" decoding=\"async\" width=\"1024\" height=\"461\" src=\"https:\/\/media1.jensgustafsson.se\/2025\/01\/image-66-1024x461.png\" alt=\"\" class=\"wp-image-34869\" srcset=\"https:\/\/media1.jensgustafsson.se\/2025\/01\/image-66-1024x461.png 1024w, https:\/\/media1.jensgustafsson.se\/2025\/01\/image-66-300x135.png 300w, https:\/\/media1.jensgustafsson.se\/2025\/01\/image-66-768x346.png 768w, https:\/\/media1.jensgustafsson.se\/2025\/01\/image-66-1536x692.png 1536w, https:\/\/media1.jensgustafsson.se\/2025\/01\/image-66-500x225.png 500w, https:\/\/media1.jensgustafsson.se\/2025\/01\/image-66.png 1849w\" sizes=\"auto, (max-width: 1024px) 100vw, 1024px\" \/><figcaption class=\"wp-element-caption\"><strong><em>M\u00e5nadens medeltemperatur \u00e4r t.o.m. idag 1,8 grader varmare, j\u00e4mf\u00f6rt mot den normala.<\/em><\/strong><\/figcaption><\/figure>\n\n\n\n<figure class=\"wp-block-image size-large\"><img loading=\"lazy\" decoding=\"async\" width=\"1024\" height=\"529\" src=\"https:\/\/media1.jensgustafsson.se\/2025\/01\/image-67-1024x529.png\" alt=\"\" class=\"wp-image-34870\" srcset=\"https:\/\/media1.jensgustafsson.se\/2025\/01\/image-67-1024x529.png 1024w, https:\/\/media1.jensgustafsson.se\/2025\/01\/image-67-300x155.png 300w, https:\/\/media1.jensgustafsson.se\/2025\/01\/image-67-768x397.png 768w, https:\/\/media1.jensgustafsson.se\/2025\/01\/image-67-500x258.png 500w, https:\/\/media1.jensgustafsson.se\/2025\/01\/image-67.png 1487w\" sizes=\"auto, (max-width: 1024px) 100vw, 1024px\" \/><figcaption class=\"wp-element-caption\"><strong><em>M\u00e5nadens nederb\u00f6rd \u00e4r t.o.m. idag 171 % av den normala.<\/em><\/strong><\/figcaption><\/figure>\n\n\n\n<p><\/p>\n","protected":false},"excerpt":{"rendered":"<p>P\u00e5 f\u00f6rmiddagen var det n\u00e5gra luckor i molnt\u00e4cket, s\u00e5 man kunde se lite solljus d\u00e5 och d\u00e5. Eftermiddagen har dominerats av moln, och gr\u00e5tt v\u00e4der. Tidvis lite duggregn ocks\u00e5, men inget m\u00e4tbart. Fortsatt milt f\u00f6r att vara i januari. Den &hellip; <a href=\"https:\/\/jensgustafsson.se\/?p=34868\">Forts\u00e4tt l\u00e4sa <span class=\"meta-nav\">&rarr;<\/span><\/a><\/p>\n","protected":false},"author":1,"featured_media":0,"comment_status":"open","ping_status":"","sticky":false,"template":"","format":"standard","meta":{"footnotes":""},"categories":[10],"tags":[],"class_list":["post-34868","post","type-post","status-publish","format-standard","hentry","category-vaderdagbok-2013"],"_links":{"self":[{"href":"https:\/\/jensgustafsson.se\/index.php?rest_route=\/wp\/v2\/posts\/34868","targetHints":{"allow":["GET"]}}],"collection":[{"href":"https:\/\/jensgustafsson.se\/index.php?rest_route=\/wp\/v2\/posts"}],"about":[{"href":"https:\/\/jensgustafsson.se\/index.php?rest_route=\/wp\/v2\/types\/post"}],"author":[{"embeddable":true,"href":"https:\/\/jensgustafsson.se\/index.php?rest_route=\/wp\/v2\/users\/1"}],"replies":[{"embeddable":true,"href":"https:\/\/jensgustafsson.se\/index.php?rest_route=%2Fwp%2Fv2%2Fcomments&post=34868"}],"version-history":[{"count":3,"href":"https:\/\/jensgustafsson.se\/index.php?rest_route=\/wp\/v2\/posts\/34868\/revisions"}],"predecessor-version":[{"id":34874,"href":"https:\/\/jensgustafsson.se\/index.php?rest_route=\/wp\/v2\/posts\/34868\/revisions\/34874"}],"wp:attachment":[{"href":"https:\/\/jensgustafsson.se\/index.php?rest_route=%2Fwp%2Fv2%2Fmedia&parent=34868"}],"wp:term":[{"taxonomy":"category","embeddable":true,"href":"https:\/\/jensgustafsson.se\/index.php?rest_route=%2Fwp%2Fv2%2Fcategories&post=34868"},{"taxonomy":"post_tag","embeddable":true,"href":"https:\/\/jensgustafsson.se\/index.php?rest_route=%2Fwp%2Fv2%2Ftags&post=34868"}],"curies":[{"name":"wp","href":"https:\/\/api.w.org\/{rel}","templated":true}]}}