{"id":34880,"date":"2025-01-31T16:57:54","date_gmt":"2025-01-31T15:57:54","guid":{"rendered":"https:\/\/jensgustafsson.se\/?p=34880"},"modified":"2025-01-31T16:57:54","modified_gmt":"2025-01-31T15:57:54","slug":"fredag-31-januari-2025","status":"publish","type":"post","link":"https:\/\/jensgustafsson.se\/?p=34880","title":{"rendered":"Fredag 31 januari 2025."},"content":{"rendered":"\n<p class=\"has-medium-font-size\"><em>Idag har vi haft en dag med v\u00e4xlande molnighet, och bara n\u00e5gra l\u00e4tta regnst\u00e4nk. <\/em><\/p>\n\n\n\n<p class=\"has-medium-font-size\"><em>Den l\u00e4gsta temperaturen blev +1,9 grader, och den h\u00f6gsta blev +5,3 grader.<\/em><\/p>\n\n\n\n<p class=\"has-medium-font-size\"><em>Vinden har varit svag till m\u00e5ttlig, och har g\u00e5tt fr\u00e5n att f\u00f6rst vara sydv\u00e4stlig, till v\u00e4stlig, och sedan nordv\u00e4stlig.<\/em><\/p>\n\n\n\n<figure class=\"wp-block-image size-large\"><img loading=\"lazy\" decoding=\"async\" width=\"1024\" height=\"683\" src=\"https:\/\/media1.jensgustafsson.se\/2025\/01\/DSC_0576-1024x683.jpg\" alt=\"\" class=\"wp-image-34881\" srcset=\"https:\/\/media1.jensgustafsson.se\/2025\/01\/DSC_0576-1024x683.jpg 1024w, https:\/\/media1.jensgustafsson.se\/2025\/01\/DSC_0576-300x200.jpg 300w, https:\/\/media1.jensgustafsson.se\/2025\/01\/DSC_0576-768x512.jpg 768w, https:\/\/media1.jensgustafsson.se\/2025\/01\/DSC_0576-1536x1024.jpg 1536w, https:\/\/media1.jensgustafsson.se\/2025\/01\/DSC_0576-2048x1365.jpg 2048w, https:\/\/media1.jensgustafsson.se\/2025\/01\/DSC_0576-450x300.jpg 450w\" sizes=\"auto, (max-width: 1024px) 100vw, 1024px\" \/><\/figure>\n\n\n\n<p class=\"has-medium-font-size\"><em>En sammanfattning fr\u00e5n min v\u00e4derstation, f\u00f6r de senaste 24 timmarna:<\/em><\/p>\n\n\n\n<p class=\"has-medium-font-size\"><strong>20250131 kl. 17.00<br \/>Min. temp: 1,9 \u00b0C<br \/>Max. temp: 5,3 \u00b0C<br \/>Min. lufttryck: 1005,6 hPa<br \/>Max. lufttryck: 1015,6 hPa<br \/>Min.luftfuktigh. 74 %<br \/>Max.luftfuktigh. 86 %<br \/>Domin. vindriktn.: V\u00e4stlig<br \/>Maxvind: 7 m\/s.<br \/>Nederb\u00f6rd: 0 mm<br \/>Meteorologisk \u00e5rstid: Vinter<br \/>Kalendarisk \u00e5rstid: Vinterm\u00e5nad 2 av 3<br \/>Sn\u00f6djup: Barmark.<\/strong><\/p>\n\n\n\n<figure class=\"wp-block-image size-large\"><img loading=\"lazy\" decoding=\"async\" width=\"1024\" height=\"461\" src=\"https:\/\/media1.jensgustafsson.se\/2025\/01\/image-68-1024x461.png\" alt=\"\" class=\"wp-image-34884\" srcset=\"https:\/\/media1.jensgustafsson.se\/2025\/01\/image-68-1024x461.png 1024w, https:\/\/media1.jensgustafsson.se\/2025\/01\/image-68-300x135.png 300w, https:\/\/media1.jensgustafsson.se\/2025\/01\/image-68-768x346.png 768w, https:\/\/media1.jensgustafsson.se\/2025\/01\/image-68-1536x692.png 1536w, https:\/\/media1.jensgustafsson.se\/2025\/01\/image-68-500x225.png 500w, https:\/\/media1.jensgustafsson.se\/2025\/01\/image-68.png 1849w\" sizes=\"auto, (max-width: 1024px) 100vw, 1024px\" \/><figcaption class=\"wp-element-caption\"><strong><em>M\u00e5nadens medeltemperatur \u00e4r t.o.m. idag 1,9 grader varmare, j\u00e4mf\u00f6rt mot den normala.<\/em><\/strong><\/figcaption><\/figure>\n\n\n\n<figure class=\"wp-block-image size-large\"><img loading=\"lazy\" decoding=\"async\" width=\"1024\" height=\"529\" src=\"https:\/\/media1.jensgustafsson.se\/2025\/01\/image-69-1024x529.png\" alt=\"\" class=\"wp-image-34885\" srcset=\"https:\/\/media1.jensgustafsson.se\/2025\/01\/image-69-1024x529.png 1024w, https:\/\/media1.jensgustafsson.se\/2025\/01\/image-69-300x155.png 300w, https:\/\/media1.jensgustafsson.se\/2025\/01\/image-69-768x397.png 768w, https:\/\/media1.jensgustafsson.se\/2025\/01\/image-69-500x258.png 500w, https:\/\/media1.jensgustafsson.se\/2025\/01\/image-69.png 1487w\" sizes=\"auto, (max-width: 1024px) 100vw, 1024px\" \/><figcaption class=\"wp-element-caption\"><strong><em>M\u00e5nadens nederb\u00f6rd \u00e4r t.o.m. idag 171 % av den normala.<\/em><\/strong><\/figcaption><\/figure>\n\n\n\n<p><\/p>\n","protected":false},"excerpt":{"rendered":"<p>Idag har vi haft en dag med v\u00e4xlande molnighet, och bara n\u00e5gra l\u00e4tta regnst\u00e4nk. Den l\u00e4gsta temperaturen blev +1,9 grader, och den h\u00f6gsta blev +5,3 grader. Vinden har varit svag till m\u00e5ttlig, och har g\u00e5tt fr\u00e5n att f\u00f6rst vara sydv\u00e4stlig, &hellip; <a href=\"https:\/\/jensgustafsson.se\/?p=34880\">Forts\u00e4tt l\u00e4sa <span class=\"meta-nav\">&rarr;<\/span><\/a><\/p>\n","protected":false},"author":1,"featured_media":0,"comment_status":"open","ping_status":"","sticky":false,"template":"","format":"standard","meta":{"footnotes":""},"categories":[10],"tags":[],"class_list":["post-34880","post","type-post","status-publish","format-standard","hentry","category-vaderdagbok-2013"],"_links":{"self":[{"href":"https:\/\/jensgustafsson.se\/index.php?rest_route=\/wp\/v2\/posts\/34880","targetHints":{"allow":["GET"]}}],"collection":[{"href":"https:\/\/jensgustafsson.se\/index.php?rest_route=\/wp\/v2\/posts"}],"about":[{"href":"https:\/\/jensgustafsson.se\/index.php?rest_route=\/wp\/v2\/types\/post"}],"author":[{"embeddable":true,"href":"https:\/\/jensgustafsson.se\/index.php?rest_route=\/wp\/v2\/users\/1"}],"replies":[{"embeddable":true,"href":"https:\/\/jensgustafsson.se\/index.php?rest_route=%2Fwp%2Fv2%2Fcomments&post=34880"}],"version-history":[{"count":4,"href":"https:\/\/jensgustafsson.se\/index.php?rest_route=\/wp\/v2\/posts\/34880\/revisions"}],"predecessor-version":[{"id":34887,"href":"https:\/\/jensgustafsson.se\/index.php?rest_route=\/wp\/v2\/posts\/34880\/revisions\/34887"}],"wp:attachment":[{"href":"https:\/\/jensgustafsson.se\/index.php?rest_route=%2Fwp%2Fv2%2Fmedia&parent=34880"}],"wp:term":[{"taxonomy":"category","embeddable":true,"href":"https:\/\/jensgustafsson.se\/index.php?rest_route=%2Fwp%2Fv2%2Fcategories&post=34880"},{"taxonomy":"post_tag","embeddable":true,"href":"https:\/\/jensgustafsson.se\/index.php?rest_route=%2Fwp%2Fv2%2Ftags&post=34880"}],"curies":[{"name":"wp","href":"https:\/\/api.w.org\/{rel}","templated":true}]}}