{"id":34912,"date":"2025-02-01T17:28:35","date_gmt":"2025-02-01T16:28:35","guid":{"rendered":"https:\/\/jensgustafsson.se\/?p=34912"},"modified":"2025-02-01T17:28:35","modified_gmt":"2025-02-01T16:28:35","slug":"lordag-1-februari-2025","status":"publish","type":"post","link":"https:\/\/jensgustafsson.se\/?p=34912","title":{"rendered":"L\u00f6rdag 1 februari 2025."},"content":{"rendered":"\n<p class=\"has-medium-font-size\"><em>Jag b\u00f6rjar dagens inl\u00e4gg med en l\u00e4nk till min v\u00e4dersammanfattning f\u00f6r januari m\u00e5nad 2025. Om du \u00e4r intresserad att l\u00e4sa det, s\u00e5 klickar du bara p\u00e5 bilden nedan, s\u00e5 kommer du direkt till inl\u00e4gget.<\/em><\/p>\n\n\n\n<figure class=\"wp-block-embed is-type-wp-embed is-provider-v-dret-i-f-gelfors-sm-land wp-block-embed-v-dret-i-f-gelfors-sm-land\"><div class=\"wp-block-embed__wrapper\">\n<blockquote class=\"wp-embedded-content\" data-secret=\"i2I8EyeGeZ\"><a href=\"https:\/\/jensgustafsson.se\/?page_id=34877\">Januari 2025.<\/a><\/blockquote><iframe loading=\"lazy\" class=\"wp-embedded-content\" sandbox=\"allow-scripts\" security=\"restricted\" style=\"position: absolute; visibility: hidden;\" title=\"\u201dJanuari 2025.\u201d &ndash; V\u00e4dret i F\u00e5gelfors, Sm\u00e5land.\" src=\"https:\/\/jensgustafsson.se\/?page_id=34877&#038;embed=true#?secret=2tD8QWcwux#?secret=i2I8EyeGeZ\" data-secret=\"i2I8EyeGeZ\" width=\"584\" height=\"329\" frameborder=\"0\" marginwidth=\"0\" marginheight=\"0\" scrolling=\"no\"><\/iframe>\n<\/div><\/figure>\n\n\n\n<p class=\"has-medium-font-size\"><em>D\u00e5 \u00e4r vi inne i februari m\u00e5nad, och den f\u00f6rsta dagen blev, som nog m\u00e5nga l\u00e4ngtat efter, en solig dag. Solen har lyst fr\u00e5n helt molnfri himmel hela dagen. Som en v\u00e5rdag, men vi ska komma ih\u00e5g, vi \u00e4r i kalendarisk  vinterm\u00e5nad nummer tre, och meteorologisk vinter har vi haft sedan 19 november i fjol, s\u00e5 \u00e4n kan vi nog f\u00e5 v\u00e4der som h\u00f6r vintern till.<\/em><\/p>\n\n\n\n<p class=\"has-medium-font-size\"><em>Lite kallare luftmassa \u00f6ver oss nu. Den l\u00e4gsta temperaturen blev -2,8 grader, och den h\u00f6gsta +2,3 grader.<\/em><\/p>\n\n\n\n<p class=\"has-medium-font-size\"><em>Vinden har varit svag till m\u00e5ttlig, mellan v\u00e4st och nordv\u00e4st.<\/em><\/p>\n\n\n\n<p class=\"has-medium-font-size\"><\/p>\n\n\n\n<figure class=\"wp-block-image size-large\"><img loading=\"lazy\" decoding=\"async\" width=\"1024\" height=\"683\" src=\"https:\/\/media1.jensgustafsson.se\/2025\/02\/DSC_0662-1024x683.jpg\" alt=\"\" class=\"wp-image-34917\" srcset=\"https:\/\/media1.jensgustafsson.se\/2025\/02\/DSC_0662-1024x683.jpg 1024w, https:\/\/media1.jensgustafsson.se\/2025\/02\/DSC_0662-300x200.jpg 300w, https:\/\/media1.jensgustafsson.se\/2025\/02\/DSC_0662-768x512.jpg 768w, https:\/\/media1.jensgustafsson.se\/2025\/02\/DSC_0662-1536x1024.jpg 1536w, https:\/\/media1.jensgustafsson.se\/2025\/02\/DSC_0662-2048x1365.jpg 2048w, https:\/\/media1.jensgustafsson.se\/2025\/02\/DSC_0662-450x300.jpg 450w\" sizes=\"auto, (max-width: 1024px) 100vw, 1024px\" \/><figcaption class=\"wp-element-caption\"><strong><em>Vid Em\u00e5n, Jungnerholmarna, Fliseryd p\u00e5 f\u00f6rmiddagen idag.<\/em><\/strong><\/figcaption><\/figure>\n\n\n\n<p class=\"has-medium-font-size\"><\/p>\n\n\n\n<p class=\"has-medium-font-size\"><em>En sammanfattning fr\u00e5n min v\u00e4derstation, f\u00f6r de senaste 24 timmarna:<\/em><\/p>\n\n\n\n<p class=\"has-medium-font-size\"><strong>20250201 kl. 17.00<br \/>Min. temp: -2,8 \u00b0C<br \/>Max. temp: 2,3 \u00b0C<br \/>Min. lufttryck: 1015,6 hPa<br \/>Max. lufttryck: 1025,1 hPa<br \/>Min.luftfuktigh. 68 %<br \/>Max.luftfuktigh. 85 %<br \/>Domin. vindriktn.: V\u00e4stlig<br \/>Maxvind: 7 m\/s.<br \/>Nederb\u00f6rd: 0 mm<br \/>Meteorologisk \u00e5rstid: Vinter<br \/>Kalendarisk \u00e5rstid: Vinterm\u00e5nad 3 av 3<br \/>Sn\u00f6djup: Barmark.<\/strong><\/p>\n\n\n\n<p class=\"has-medium-font-size\"><\/p>\n\n\n\n<figure class=\"wp-block-image size-large\"><img loading=\"lazy\" decoding=\"async\" width=\"1024\" height=\"461\" src=\"https:\/\/media1.jensgustafsson.se\/2025\/02\/image-7-1024x461.png\" alt=\"\" class=\"wp-image-34920\" srcset=\"https:\/\/media1.jensgustafsson.se\/2025\/02\/image-7-1024x461.png 1024w, https:\/\/media1.jensgustafsson.se\/2025\/02\/image-7-300x135.png 300w, https:\/\/media1.jensgustafsson.se\/2025\/02\/image-7-768x346.png 768w, https:\/\/media1.jensgustafsson.se\/2025\/02\/image-7-1536x692.png 1536w, https:\/\/media1.jensgustafsson.se\/2025\/02\/image-7-500x225.png 500w, https:\/\/media1.jensgustafsson.se\/2025\/02\/image-7.png 1849w\" sizes=\"auto, (max-width: 1024px) 100vw, 1024px\" \/><figcaption class=\"wp-element-caption\"><strong><em>M\u00e5nadens medeltemperatur \u00e4r t.o.m. idag 0,4\u00a0 grader varmare , j\u00e4mf\u00f6rt mot den normala.<\/em><\/strong><\/figcaption><\/figure>\n\n\n\n<p class=\"has-medium-font-size\"><\/p>\n\n\n\n<p class=\"has-medium-font-size\"><\/p>\n\n\n\n<p class=\"has-medium-font-size\"><\/p>\n\n\n\n<p class=\"has-medium-font-size\"><\/p>\n\n\n\n<p class=\"has-medium-font-size\"><\/p>\n\n\n\n<p class=\"has-medium-font-size\"><em> <\/em><\/p>\n","protected":false},"excerpt":{"rendered":"<p>Jag b\u00f6rjar dagens inl\u00e4gg med en l\u00e4nk till min v\u00e4dersammanfattning f\u00f6r januari m\u00e5nad 2025. Om du \u00e4r intresserad att l\u00e4sa det, s\u00e5 klickar du bara p\u00e5 bilden nedan, s\u00e5 kommer du direkt till inl\u00e4gget. D\u00e5 \u00e4r vi inne i februari &hellip; <a href=\"https:\/\/jensgustafsson.se\/?p=34912\">Forts\u00e4tt l\u00e4sa <span class=\"meta-nav\">&rarr;<\/span><\/a><\/p>\n","protected":false},"author":1,"featured_media":0,"comment_status":"open","ping_status":"","sticky":false,"template":"","format":"standard","meta":{"footnotes":""},"categories":[10],"tags":[],"class_list":["post-34912","post","type-post","status-publish","format-standard","hentry","category-vaderdagbok-2013"],"_links":{"self":[{"href":"https:\/\/jensgustafsson.se\/index.php?rest_route=\/wp\/v2\/posts\/34912","targetHints":{"allow":["GET"]}}],"collection":[{"href":"https:\/\/jensgustafsson.se\/index.php?rest_route=\/wp\/v2\/posts"}],"about":[{"href":"https:\/\/jensgustafsson.se\/index.php?rest_route=\/wp\/v2\/types\/post"}],"author":[{"embeddable":true,"href":"https:\/\/jensgustafsson.se\/index.php?rest_route=\/wp\/v2\/users\/1"}],"replies":[{"embeddable":true,"href":"https:\/\/jensgustafsson.se\/index.php?rest_route=%2Fwp%2Fv2%2Fcomments&post=34912"}],"version-history":[{"count":6,"href":"https:\/\/jensgustafsson.se\/index.php?rest_route=\/wp\/v2\/posts\/34912\/revisions"}],"predecessor-version":[{"id":34921,"href":"https:\/\/jensgustafsson.se\/index.php?rest_route=\/wp\/v2\/posts\/34912\/revisions\/34921"}],"wp:attachment":[{"href":"https:\/\/jensgustafsson.se\/index.php?rest_route=%2Fwp%2Fv2%2Fmedia&parent=34912"}],"wp:term":[{"taxonomy":"category","embeddable":true,"href":"https:\/\/jensgustafsson.se\/index.php?rest_route=%2Fwp%2Fv2%2Fcategories&post=34912"},{"taxonomy":"post_tag","embeddable":true,"href":"https:\/\/jensgustafsson.se\/index.php?rest_route=%2Fwp%2Fv2%2Ftags&post=34912"}],"curies":[{"name":"wp","href":"https:\/\/api.w.org\/{rel}","templated":true}]}}