{"id":34925,"date":"2025-02-02T17:34:43","date_gmt":"2025-02-02T16:34:43","guid":{"rendered":"https:\/\/jensgustafsson.se\/?p=34925"},"modified":"2025-02-02T17:34:43","modified_gmt":"2025-02-02T16:34:43","slug":"sondag-2-februari-2025","status":"publish","type":"post","link":"https:\/\/jensgustafsson.se\/?p=34925","title":{"rendered":"S\u00f6ndag 2 februari 2025."},"content":{"rendered":"\n<p class=\"has-medium-font-size\"><em>Natten till idag blev klar, och lite kall. P\u00e5 morgonen drog det upp en molnsk\u00e4rm, och resten av dagen har vi legat i gr\u00e4nsen mellan moln och klar himmel. Molnigheten har varierat, och vi har f\u00e5tt en hel del sol i alla fall.<\/em><\/p>\n\n\n\n<p class=\"has-medium-font-size\"><em>Den l\u00e4gsta temperaturen blev -6,4 grader, och den h\u00f6gsta blev +0,1 grader.<\/em><\/p>\n\n\n\n<p class=\"has-medium-font-size\"><em>Vinden har varit svag och kommit fr\u00e5n v\u00e4ster idag.<\/em><\/p>\n\n\n\n<figure class=\"wp-block-image size-large\"><img loading=\"lazy\" decoding=\"async\" width=\"1024\" height=\"683\" src=\"https:\/\/media1.jensgustafsson.se\/2025\/02\/DSC_0712-1024x683.jpg\" alt=\"\" class=\"wp-image-34931\" srcset=\"https:\/\/media1.jensgustafsson.se\/2025\/02\/DSC_0712-1024x683.jpg 1024w, https:\/\/media1.jensgustafsson.se\/2025\/02\/DSC_0712-300x200.jpg 300w, https:\/\/media1.jensgustafsson.se\/2025\/02\/DSC_0712-768x512.jpg 768w, https:\/\/media1.jensgustafsson.se\/2025\/02\/DSC_0712-1536x1024.jpg 1536w, https:\/\/media1.jensgustafsson.se\/2025\/02\/DSC_0712-2048x1365.jpg 2048w, https:\/\/media1.jensgustafsson.se\/2025\/02\/DSC_0712-450x300.jpg 450w\" sizes=\"auto, (max-width: 1024px) 100vw, 1024px\" \/><figcaption class=\"wp-element-caption\"><strong><em>Vid Blankastr\u00f6m p\u00e5 morgonen idag.<\/em><\/strong><\/figcaption><\/figure>\n\n\n\n<figure class=\"wp-block-image size-large\"><img loading=\"lazy\" decoding=\"async\" width=\"1024\" height=\"683\" src=\"https:\/\/media1.jensgustafsson.se\/2025\/02\/DSC_0723-1024x683.jpg\" alt=\"\" class=\"wp-image-34929\" srcset=\"https:\/\/media1.jensgustafsson.se\/2025\/02\/DSC_0723-1024x683.jpg 1024w, https:\/\/media1.jensgustafsson.se\/2025\/02\/DSC_0723-300x200.jpg 300w, https:\/\/media1.jensgustafsson.se\/2025\/02\/DSC_0723-768x512.jpg 768w, https:\/\/media1.jensgustafsson.se\/2025\/02\/DSC_0723-1536x1024.jpg 1536w, https:\/\/media1.jensgustafsson.se\/2025\/02\/DSC_0723-2048x1365.jpg 2048w, https:\/\/media1.jensgustafsson.se\/2025\/02\/DSC_0723-450x300.jpg 450w\" sizes=\"auto, (max-width: 1024px) 100vw, 1024px\" \/><figcaption class=\"wp-element-caption\"><strong><em>Em\u00e5n vid Ryningsn\u00e4s p\u00e5 morgonen idag.<\/em><\/strong><\/figcaption><\/figure>\n\n\n\n<p class=\"has-medium-font-size\"><em>En sammanfattning fr\u00e5n min v\u00e4derstation, f\u00f6r de senaste 24 timmarna:<\/em><\/p>\n\n\n\n<p class=\"has-medium-font-size\"><strong>20250202 kl. 17.00<br \/>Min. temp: -6,4 \u00b0C<br \/>Max. temp: 0,1 \u00b0C<br \/>Min. lufttryck: 1020,4 hPa<br \/>Max. lufttryck: 1025 hPa<br \/>Min.luftfuktigh. 75 %<br \/>Max.luftfuktigh. 85 %<br \/>Domin. vindriktn.: V\u00e4stlig<br \/>Maxvind: 2 m\/s.<br \/>Nederb\u00f6rd: 0 mm<br \/>Meteorologisk \u00e5rstid: Vinter<br \/>Kalendarisk \u00e5rstid: Vinterm\u00e5nad 3 av 3<br \/>Sn\u00f6djup: Barmark.<\/strong><\/p>\n\n\n\n<figure class=\"wp-block-image size-large\"><img loading=\"lazy\" decoding=\"async\" width=\"1024\" height=\"461\" src=\"https:\/\/media1.jensgustafsson.se\/2025\/02\/image-8-1024x461.png\" alt=\"\" class=\"wp-image-34926\" srcset=\"https:\/\/media1.jensgustafsson.se\/2025\/02\/image-8-1024x461.png 1024w, https:\/\/media1.jensgustafsson.se\/2025\/02\/image-8-300x135.png 300w, https:\/\/media1.jensgustafsson.se\/2025\/02\/image-8-768x346.png 768w, https:\/\/media1.jensgustafsson.se\/2025\/02\/image-8-1536x692.png 1536w, https:\/\/media1.jensgustafsson.se\/2025\/02\/image-8-500x225.png 500w, https:\/\/media1.jensgustafsson.se\/2025\/02\/image-8.png 1849w\" sizes=\"auto, (max-width: 1024px) 100vw, 1024px\" \/><figcaption class=\"wp-element-caption\"><strong><em>M\u00e5nadens medeltemperatur \u00e4r t.o.m. idag 1 grad kallare&nbsp; j\u00e4mf\u00f6rt mot den normala.<\/em><\/strong><\/figcaption><\/figure>\n","protected":false},"excerpt":{"rendered":"<p>Natten till idag blev klar, och lite kall. P\u00e5 morgonen drog det upp en molnsk\u00e4rm, och resten av dagen har vi legat i gr\u00e4nsen mellan moln och klar himmel. Molnigheten har varierat, och vi har f\u00e5tt en hel del sol &hellip; <a href=\"https:\/\/jensgustafsson.se\/?p=34925\">Forts\u00e4tt l\u00e4sa <span class=\"meta-nav\">&rarr;<\/span><\/a><\/p>\n","protected":false},"author":1,"featured_media":0,"comment_status":"open","ping_status":"","sticky":false,"template":"","format":"standard","meta":{"footnotes":""},"categories":[10],"tags":[],"class_list":["post-34925","post","type-post","status-publish","format-standard","hentry","category-vaderdagbok-2013"],"_links":{"self":[{"href":"https:\/\/jensgustafsson.se\/index.php?rest_route=\/wp\/v2\/posts\/34925","targetHints":{"allow":["GET"]}}],"collection":[{"href":"https:\/\/jensgustafsson.se\/index.php?rest_route=\/wp\/v2\/posts"}],"about":[{"href":"https:\/\/jensgustafsson.se\/index.php?rest_route=\/wp\/v2\/types\/post"}],"author":[{"embeddable":true,"href":"https:\/\/jensgustafsson.se\/index.php?rest_route=\/wp\/v2\/users\/1"}],"replies":[{"embeddable":true,"href":"https:\/\/jensgustafsson.se\/index.php?rest_route=%2Fwp%2Fv2%2Fcomments&post=34925"}],"version-history":[{"count":4,"href":"https:\/\/jensgustafsson.se\/index.php?rest_route=\/wp\/v2\/posts\/34925\/revisions"}],"predecessor-version":[{"id":34932,"href":"https:\/\/jensgustafsson.se\/index.php?rest_route=\/wp\/v2\/posts\/34925\/revisions\/34932"}],"wp:attachment":[{"href":"https:\/\/jensgustafsson.se\/index.php?rest_route=%2Fwp%2Fv2%2Fmedia&parent=34925"}],"wp:term":[{"taxonomy":"category","embeddable":true,"href":"https:\/\/jensgustafsson.se\/index.php?rest_route=%2Fwp%2Fv2%2Fcategories&post=34925"},{"taxonomy":"post_tag","embeddable":true,"href":"https:\/\/jensgustafsson.se\/index.php?rest_route=%2Fwp%2Fv2%2Ftags&post=34925"}],"curies":[{"name":"wp","href":"https:\/\/api.w.org\/{rel}","templated":true}]}}