{"id":34933,"date":"2025-02-03T17:00:07","date_gmt":"2025-02-03T16:00:07","guid":{"rendered":"https:\/\/jensgustafsson.se\/?p=34933"},"modified":"2025-02-03T19:24:56","modified_gmt":"2025-02-03T18:24:56","slug":"mandag-februari-2025","status":"publish","type":"post","link":"https:\/\/jensgustafsson.se\/?p=34933","title":{"rendered":"M\u00e5ndag 3 februari 2025."},"content":{"rendered":"\n<p class=\"has-medium-font-size\"><em>Natten blev klar och kall. P\u00e5 morgonen kom det lite moln innan solen gick upp, vilket gjorde att vi fick fina f\u00e4rger strax innan solen kom upp. Molnigheten \u00f6kade allt mera, och fr\u00e5n lunch och fram\u00e5t har vi haft gr\u00e5mulet v\u00e4der, och det har ocks\u00e5 kommit n\u00e5gra l\u00e4tta, om\u00e4tbara sn\u00f6flingor.<\/em><\/p>\n\n\n\n<p class=\"has-medium-font-size\"><em>Ett dygn med minusgrader hela dygnet (isdygn) fick vi nu. Det har vi inte haft sedan den 12:e januari ser jag i mina loggar. Den l\u00e4gsta temperaturen blev -8,4 grader, och den h\u00f6gsta blev -0,2 grader.<\/em><\/p>\n\n\n\n<p class=\"has-medium-font-size\"><em>Vinden har varit svag, och \u00e4ven idag har den varit v\u00e4stlig.<\/em><\/p>\n\n\n\n<figure class=\"wp-block-image size-large\"><img loading=\"lazy\" decoding=\"async\" width=\"1024\" height=\"683\" src=\"https:\/\/media1.jensgustafsson.se\/2025\/02\/DSC_0784-1-1024x683.jpg\" alt=\"\" class=\"wp-image-34937\" srcset=\"https:\/\/media1.jensgustafsson.se\/2025\/02\/DSC_0784-1-1024x683.jpg 1024w, https:\/\/media1.jensgustafsson.se\/2025\/02\/DSC_0784-1-300x200.jpg 300w, https:\/\/media1.jensgustafsson.se\/2025\/02\/DSC_0784-1-768x512.jpg 768w, https:\/\/media1.jensgustafsson.se\/2025\/02\/DSC_0784-1-1536x1024.jpg 1536w, https:\/\/media1.jensgustafsson.se\/2025\/02\/DSC_0784-1-2048x1365.jpg 2048w, https:\/\/media1.jensgustafsson.se\/2025\/02\/DSC_0784-1-450x300.jpg 450w\" sizes=\"auto, (max-width: 1024px) 100vw, 1024px\" \/><figcaption class=\"wp-element-caption\"><strong><em>Vackra f\u00e4rger p\u00e5 molnen vid soluppg\u00e5ngen idag.<\/em><\/strong><\/figcaption><\/figure>\n\n\n\n<p class=\"has-medium-font-size\"><em>En sammanfattning fr\u00e5n min v\u00e4derstation, f\u00f6r de senaste 24 timmarna:<\/em><\/p>\n\n\n\n<p class=\"has-medium-font-size\"><strong>20250203 kl. 17.00<br \/>Min. temp: -8,4 \u00b0C<br \/>Max. temp: -0,2 \u00b0C<br \/>Min. lufttryck: 1020,8 hPa<br \/>Max. lufttryck: 1023,5 hPa<br \/>Min.luftfuktigh. 76 %<br \/>Max.luftfuktigh. 85 %<br \/>Domin. vindriktn.: V\u00e4stlig<br \/>Maxvind: 4 m\/s.<br \/>Nederb\u00f6rd: 0 mm<br \/>Meteorologisk \u00e5rstid: Vinter<br \/>Kalendarisk \u00e5rstid: Vinterm\u00e5nad 3 av 3<br \/>Sn\u00f6djup: Barmark.<\/strong><\/p>\n\n\n\n<figure class=\"wp-block-image size-large\"><img loading=\"lazy\" decoding=\"async\" width=\"1024\" height=\"461\" src=\"https:\/\/media1.jensgustafsson.se\/2025\/02\/image-9-1024x461.png\" alt=\"\" class=\"wp-image-34934\" srcset=\"https:\/\/media1.jensgustafsson.se\/2025\/02\/image-9-1024x461.png 1024w, https:\/\/media1.jensgustafsson.se\/2025\/02\/image-9-300x135.png 300w, https:\/\/media1.jensgustafsson.se\/2025\/02\/image-9-768x346.png 768w, https:\/\/media1.jensgustafsson.se\/2025\/02\/image-9-1536x692.png 1536w, https:\/\/media1.jensgustafsson.se\/2025\/02\/image-9-500x225.png 500w, https:\/\/media1.jensgustafsson.se\/2025\/02\/image-9.png 1849w\" sizes=\"auto, (max-width: 1024px) 100vw, 1024px\" \/><figcaption class=\"wp-element-caption\"><strong><em>M\u00e5nadens medeltemperatur \u00e4r t.o.m. idag 1,9 grader kallare&nbsp; j\u00e4mf\u00f6rt mot den normala.<\/em><\/strong><\/figcaption><\/figure>\n","protected":false},"excerpt":{"rendered":"<p>Natten blev klar och kall. P\u00e5 morgonen kom det lite moln innan solen gick upp, vilket gjorde att vi fick fina f\u00e4rger strax innan solen kom upp. Molnigheten \u00f6kade allt mera, och fr\u00e5n lunch och fram\u00e5t har vi haft gr\u00e5mulet &hellip; <a href=\"https:\/\/jensgustafsson.se\/?p=34933\">Forts\u00e4tt l\u00e4sa <span class=\"meta-nav\">&rarr;<\/span><\/a><\/p>\n","protected":false},"author":1,"featured_media":0,"comment_status":"closed","ping_status":"","sticky":false,"template":"","format":"standard","meta":{"footnotes":""},"categories":[10],"tags":[],"class_list":["post-34933","post","type-post","status-publish","format-standard","hentry","category-vaderdagbok-2013"],"_links":{"self":[{"href":"https:\/\/jensgustafsson.se\/index.php?rest_route=\/wp\/v2\/posts\/34933","targetHints":{"allow":["GET"]}}],"collection":[{"href":"https:\/\/jensgustafsson.se\/index.php?rest_route=\/wp\/v2\/posts"}],"about":[{"href":"https:\/\/jensgustafsson.se\/index.php?rest_route=\/wp\/v2\/types\/post"}],"author":[{"embeddable":true,"href":"https:\/\/jensgustafsson.se\/index.php?rest_route=\/wp\/v2\/users\/1"}],"replies":[{"embeddable":true,"href":"https:\/\/jensgustafsson.se\/index.php?rest_route=%2Fwp%2Fv2%2Fcomments&post=34933"}],"version-history":[{"count":5,"href":"https:\/\/jensgustafsson.se\/index.php?rest_route=\/wp\/v2\/posts\/34933\/revisions"}],"predecessor-version":[{"id":34941,"href":"https:\/\/jensgustafsson.se\/index.php?rest_route=\/wp\/v2\/posts\/34933\/revisions\/34941"}],"wp:attachment":[{"href":"https:\/\/jensgustafsson.se\/index.php?rest_route=%2Fwp%2Fv2%2Fmedia&parent=34933"}],"wp:term":[{"taxonomy":"category","embeddable":true,"href":"https:\/\/jensgustafsson.se\/index.php?rest_route=%2Fwp%2Fv2%2Fcategories&post=34933"},{"taxonomy":"post_tag","embeddable":true,"href":"https:\/\/jensgustafsson.se\/index.php?rest_route=%2Fwp%2Fv2%2Ftags&post=34933"}],"curies":[{"name":"wp","href":"https:\/\/api.w.org\/{rel}","templated":true}]}}