{"id":34942,"date":"2025-02-04T16:39:42","date_gmt":"2025-02-04T15:39:42","guid":{"rendered":"https:\/\/jensgustafsson.se\/?p=34942"},"modified":"2025-02-04T16:39:42","modified_gmt":"2025-02-04T15:39:42","slug":"tisdag-4-februari-2025","status":"publish","type":"post","link":"https:\/\/jensgustafsson.se\/?p=34942","title":{"rendered":"Tisdag 4 februari 2025."},"content":{"rendered":"\n<p class=\"has-medium-font-size\"><em>En \u00f6verv\u00e4gande mulen och gr\u00e5 dag har vi haft. Tidvis lite ljusare partier bland molnen och n\u00e5gon skymt av solskivan genom molnen vid lunchtid.<\/em><\/p>\n\n\n\n<p class=\"has-medium-font-size\"><em>Inte s\u00e5 kallt som ig\u00e5r, -3,2 grader blev den l\u00e4gsta temperaturen i natt, och den h\u00f6gsta temperaturen gick upp till +3,1 grader.<\/em><\/p>\n\n\n\n<p class=\"has-medium-font-size\"><em>Vinden har varit svag, mellan syd och sydv\u00e4st.<\/em><\/p>\n\n\n\n<figure class=\"wp-block-image size-large\"><img loading=\"lazy\" decoding=\"async\" width=\"1024\" height=\"768\" src=\"https:\/\/media1.jensgustafsson.se\/2025\/02\/4-feb-2025-1024x768.jpg\" alt=\"\" class=\"wp-image-34945\" srcset=\"https:\/\/media1.jensgustafsson.se\/2025\/02\/4-feb-2025-1024x768.jpg 1024w, https:\/\/media1.jensgustafsson.se\/2025\/02\/4-feb-2025-300x225.jpg 300w, https:\/\/media1.jensgustafsson.se\/2025\/02\/4-feb-2025-768x576.jpg 768w, https:\/\/media1.jensgustafsson.se\/2025\/02\/4-feb-2025-1536x1152.jpg 1536w, https:\/\/media1.jensgustafsson.se\/2025\/02\/4-feb-2025-400x300.jpg 400w, https:\/\/media1.jensgustafsson.se\/2025\/02\/4-feb-2025.jpg 1920w\" sizes=\"auto, (max-width: 1024px) 100vw, 1024px\" \/><figcaption class=\"wp-element-caption\"><strong><em>Disigt och gr\u00e5tt vid Klobosj\u00f6n p\u00e5 f\u00f6rmiddagen. Lite pudersn\u00f6 p\u00e5 isen som vi ser h\u00e4r.<\/em><\/strong><\/figcaption><\/figure>\n\n\n\n<p class=\"has-medium-font-size\"><em>En sammanfattning fr\u00e5n min v\u00e4derstation, f\u00f6r de senaste 24 timmarna:<\/em><\/p>\n\n\n\n<p class=\"has-medium-font-size\"><strong>20250204 kl. 17.00<br \/>Min. temp: -3,2 \u00b0C<br \/>Max. temp: 3,1 \u00b0C<br \/>Min. lufttryck: 1019,7 hPa<br \/>Max. lufttryck: 1022,9 hPa<br \/>Min.luftfuktigh. 77 %<br \/>Max.luftfuktigh. 86 %<br \/>Domin. vindriktn.: Sydv\u00e4stlig<br \/>Maxvind: 6 m\/s.<br \/>Nederb\u00f6rd: 0 mm<br \/>Meteorologisk \u00e5rstid: Vinter<br \/>Kalendarisk \u00e5rstid: Vinterm\u00e5nad 3 av 3<br \/>Sn\u00f6djup: Barmark.<\/strong><\/p>\n\n\n\n<figure class=\"wp-block-image size-large\"><img loading=\"lazy\" decoding=\"async\" width=\"1024\" height=\"461\" src=\"https:\/\/media1.jensgustafsson.se\/2025\/02\/image-10-1024x461.png\" alt=\"\" class=\"wp-image-34943\" srcset=\"https:\/\/media1.jensgustafsson.se\/2025\/02\/image-10-1024x461.png 1024w, https:\/\/media1.jensgustafsson.se\/2025\/02\/image-10-300x135.png 300w, https:\/\/media1.jensgustafsson.se\/2025\/02\/image-10-768x346.png 768w, https:\/\/media1.jensgustafsson.se\/2025\/02\/image-10-1536x692.png 1536w, https:\/\/media1.jensgustafsson.se\/2025\/02\/image-10-500x225.png 500w, https:\/\/media1.jensgustafsson.se\/2025\/02\/image-10.png 1849w\" sizes=\"auto, (max-width: 1024px) 100vw, 1024px\" \/><figcaption class=\"wp-element-caption\"><strong><em>M\u00e5nadens medeltemperatur \u00e4r t.o.m. idag 1,2 grader kallare&nbsp; j\u00e4mf\u00f6rt mot den normala.<\/em><\/strong><\/figcaption><\/figure>\n","protected":false},"excerpt":{"rendered":"<p>En \u00f6verv\u00e4gande mulen och gr\u00e5 dag har vi haft. Tidvis lite ljusare partier bland molnen och n\u00e5gon skymt av solskivan genom molnen vid lunchtid. Inte s\u00e5 kallt som ig\u00e5r, -3,2 grader blev den l\u00e4gsta temperaturen i natt, och den h\u00f6gsta &hellip; <a href=\"https:\/\/jensgustafsson.se\/?p=34942\">Forts\u00e4tt l\u00e4sa <span class=\"meta-nav\">&rarr;<\/span><\/a><\/p>\n","protected":false},"author":1,"featured_media":0,"comment_status":"closed","ping_status":"","sticky":false,"template":"","format":"standard","meta":{"footnotes":""},"categories":[10],"tags":[],"class_list":["post-34942","post","type-post","status-publish","format-standard","hentry","category-vaderdagbok-2013"],"_links":{"self":[{"href":"https:\/\/jensgustafsson.se\/index.php?rest_route=\/wp\/v2\/posts\/34942","targetHints":{"allow":["GET"]}}],"collection":[{"href":"https:\/\/jensgustafsson.se\/index.php?rest_route=\/wp\/v2\/posts"}],"about":[{"href":"https:\/\/jensgustafsson.se\/index.php?rest_route=\/wp\/v2\/types\/post"}],"author":[{"embeddable":true,"href":"https:\/\/jensgustafsson.se\/index.php?rest_route=\/wp\/v2\/users\/1"}],"replies":[{"embeddable":true,"href":"https:\/\/jensgustafsson.se\/index.php?rest_route=%2Fwp%2Fv2%2Fcomments&post=34942"}],"version-history":[{"count":3,"href":"https:\/\/jensgustafsson.se\/index.php?rest_route=\/wp\/v2\/posts\/34942\/revisions"}],"predecessor-version":[{"id":34947,"href":"https:\/\/jensgustafsson.se\/index.php?rest_route=\/wp\/v2\/posts\/34942\/revisions\/34947"}],"wp:attachment":[{"href":"https:\/\/jensgustafsson.se\/index.php?rest_route=%2Fwp%2Fv2%2Fmedia&parent=34942"}],"wp:term":[{"taxonomy":"category","embeddable":true,"href":"https:\/\/jensgustafsson.se\/index.php?rest_route=%2Fwp%2Fv2%2Fcategories&post=34942"},{"taxonomy":"post_tag","embeddable":true,"href":"https:\/\/jensgustafsson.se\/index.php?rest_route=%2Fwp%2Fv2%2Ftags&post=34942"}],"curies":[{"name":"wp","href":"https:\/\/api.w.org\/{rel}","templated":true}]}}