{"id":34948,"date":"2025-02-05T18:40:00","date_gmt":"2025-02-05T17:40:00","guid":{"rendered":"https:\/\/jensgustafsson.se\/?p=34948"},"modified":"2025-02-05T18:40:00","modified_gmt":"2025-02-05T17:40:00","slug":"onsdag-5-februari-2025","status":"publish","type":"post","link":"https:\/\/jensgustafsson.se\/?p=34948","title":{"rendered":"Onsdag 5 februari 2025."},"content":{"rendered":"\n<p class=\"has-medium-font-size\"><em>Molnen och gr\u00e5tt v\u00e4der har dominerat denna dag, men det har ocks\u00e5 varit kortare perioder med uppsprucket molnt\u00e4cke och lite sol. Nu i kv\u00e4ll har det klarnat upp.<\/em><\/p>\n\n\n\n<p class=\"has-medium-font-size\"><em>Ett milt dygn med plusgrader hela tiden. Den l\u00e4gsta temperaturen blev +1,3 grader, och den h\u00f6gsta blev +5,8 grader.<\/em><\/p>\n\n\n\n<p class=\"has-medium-font-size\"><em>Vinden har varit m\u00e5ttlig, f\u00f6rst sydlig, sedan vridande mot v\u00e4st.<\/em><\/p>\n\n\n\n<figure class=\"wp-block-image size-large\"><img loading=\"lazy\" decoding=\"async\" width=\"1024\" height=\"768\" src=\"https:\/\/media1.jensgustafsson.se\/2025\/02\/5-feb-2025-1024x768.jpg\" alt=\"\" class=\"wp-image-34953\" srcset=\"https:\/\/media1.jensgustafsson.se\/2025\/02\/5-feb-2025-1024x768.jpg 1024w, https:\/\/media1.jensgustafsson.se\/2025\/02\/5-feb-2025-300x225.jpg 300w, https:\/\/media1.jensgustafsson.se\/2025\/02\/5-feb-2025-768x576.jpg 768w, https:\/\/media1.jensgustafsson.se\/2025\/02\/5-feb-2025-1536x1152.jpg 1536w, https:\/\/media1.jensgustafsson.se\/2025\/02\/5-feb-2025-400x300.jpg 400w, https:\/\/media1.jensgustafsson.se\/2025\/02\/5-feb-2025.jpg 1852w\" sizes=\"auto, (max-width: 1024px) 100vw, 1024px\" \/><figcaption class=\"wp-element-caption\"><strong><em>Dagens v\u00e4derbild \u00f6ver Bruksdammen. Mulet och gr\u00e5tt d\u00e4r p\u00e5 f\u00f6rmiddagen.<\/em><\/strong><\/figcaption><\/figure>\n\n\n\n<p class=\"has-medium-font-size\"><em>En sammanfattning fr\u00e5n min v\u00e4derstation, f\u00f6r de senaste 24 timmarna:<\/em><\/p>\n\n\n\n<p class=\"has-medium-font-size\"><strong>20250205 kl. 18.30<br \/>Min. temp: 1,3 \u00b0C<br \/>Max. temp: 5,8 \u00b0C<br \/>Min. lufttryck: 1019 hPa<br \/>Max. lufttryck: 1026,3 hPa<br \/>Min.luftfuktigh. 78 %<br \/>Max.luftfuktigh. 84 %<br \/>Domin. vindriktn.: Sydlig.<br \/>Maxvind: 8 m\/s.<br \/>Nederb\u00f6rd: 0 mm<br \/>Meteorologisk \u00e5rstid: Vinter<br \/>Kalendarisk \u00e5rstid: Vinterm\u00e5nad 3 av 3<br \/>Sn\u00f6djup: Barmark.<\/strong><\/p>\n\n\n\n<figure class=\"wp-block-image size-large\"><img loading=\"lazy\" decoding=\"async\" width=\"1024\" height=\"461\" src=\"https:\/\/media1.jensgustafsson.se\/2025\/02\/image-11-1024x461.png\" alt=\"\" class=\"wp-image-34949\" srcset=\"https:\/\/media1.jensgustafsson.se\/2025\/02\/image-11-1024x461.png 1024w, https:\/\/media1.jensgustafsson.se\/2025\/02\/image-11-300x135.png 300w, https:\/\/media1.jensgustafsson.se\/2025\/02\/image-11-768x346.png 768w, https:\/\/media1.jensgustafsson.se\/2025\/02\/image-11-1536x692.png 1536w, https:\/\/media1.jensgustafsson.se\/2025\/02\/image-11-500x225.png 500w, https:\/\/media1.jensgustafsson.se\/2025\/02\/image-11.png 1849w\" sizes=\"auto, (max-width: 1024px) 100vw, 1024px\" \/><figcaption class=\"wp-element-caption\"><strong><em>M\u00e5nadens medeltemperatur \u00e4r t.o.m. idag 0,1 grader kallare&nbsp; j\u00e4mf\u00f6rt mot den normala.<\/em><\/strong><\/figcaption><\/figure>\n\n\n\n<p><\/p>\n","protected":false},"excerpt":{"rendered":"<p>Molnen och gr\u00e5tt v\u00e4der har dominerat denna dag, men det har ocks\u00e5 varit kortare perioder med uppsprucket molnt\u00e4cke och lite sol. Nu i kv\u00e4ll har det klarnat upp. Ett milt dygn med plusgrader hela tiden. Den l\u00e4gsta temperaturen blev +1,3 &hellip; <a href=\"https:\/\/jensgustafsson.se\/?p=34948\">Forts\u00e4tt l\u00e4sa <span class=\"meta-nav\">&rarr;<\/span><\/a><\/p>\n","protected":false},"author":1,"featured_media":0,"comment_status":"open","ping_status":"","sticky":false,"template":"","format":"standard","meta":{"footnotes":""},"categories":[10],"tags":[],"class_list":["post-34948","post","type-post","status-publish","format-standard","hentry","category-vaderdagbok-2013"],"_links":{"self":[{"href":"https:\/\/jensgustafsson.se\/index.php?rest_route=\/wp\/v2\/posts\/34948","targetHints":{"allow":["GET"]}}],"collection":[{"href":"https:\/\/jensgustafsson.se\/index.php?rest_route=\/wp\/v2\/posts"}],"about":[{"href":"https:\/\/jensgustafsson.se\/index.php?rest_route=\/wp\/v2\/types\/post"}],"author":[{"embeddable":true,"href":"https:\/\/jensgustafsson.se\/index.php?rest_route=\/wp\/v2\/users\/1"}],"replies":[{"embeddable":true,"href":"https:\/\/jensgustafsson.se\/index.php?rest_route=%2Fwp%2Fv2%2Fcomments&post=34948"}],"version-history":[{"count":3,"href":"https:\/\/jensgustafsson.se\/index.php?rest_route=\/wp\/v2\/posts\/34948\/revisions"}],"predecessor-version":[{"id":34954,"href":"https:\/\/jensgustafsson.se\/index.php?rest_route=\/wp\/v2\/posts\/34948\/revisions\/34954"}],"wp:attachment":[{"href":"https:\/\/jensgustafsson.se\/index.php?rest_route=%2Fwp%2Fv2%2Fmedia&parent=34948"}],"wp:term":[{"taxonomy":"category","embeddable":true,"href":"https:\/\/jensgustafsson.se\/index.php?rest_route=%2Fwp%2Fv2%2Fcategories&post=34948"},{"taxonomy":"post_tag","embeddable":true,"href":"https:\/\/jensgustafsson.se\/index.php?rest_route=%2Fwp%2Fv2%2Ftags&post=34948"}],"curies":[{"name":"wp","href":"https:\/\/api.w.org\/{rel}","templated":true}]}}