{"id":34955,"date":"2025-02-06T17:02:29","date_gmt":"2025-02-06T16:02:29","guid":{"rendered":"https:\/\/jensgustafsson.se\/?p=34955"},"modified":"2025-02-06T17:02:29","modified_gmt":"2025-02-06T16:02:29","slug":"torsdag-6-februari-2025","status":"publish","type":"post","link":"https:\/\/jensgustafsson.se\/?p=34955","title":{"rendered":"Torsdag 6 februari 2025."},"content":{"rendered":"\n<p class=\"has-medium-font-size\"><em>En klar natt med minusgrader blev det. D\u00e4refter har vi haft en dag med sol fr\u00e5n helt molnfri himmel. En riktigt vacker dag med solstr\u00e5lar som v\u00e4rmer.<\/em><\/p>\n\n\n\n<p class=\"has-medium-font-size\"><em>Den l\u00e4gsta temperaturen blev -3,8 grader och den h\u00f6gsta blev +4,3 grader.<\/em><\/p>\n\n\n\n<p class=\"has-medium-font-size\"><em>Vinden har varit svag, och pendlat lite mellan v\u00e4st-nordv\u00e4st-nord.<\/em><\/p>\n\n\n\n<figure class=\"wp-block-image size-large\"><img loading=\"lazy\" decoding=\"async\" width=\"1024\" height=\"780\" src=\"https:\/\/media1.jensgustafsson.se\/2025\/02\/6-feb-2025-1024x780.jpg\" alt=\"\" class=\"wp-image-34959\" srcset=\"https:\/\/media1.jensgustafsson.se\/2025\/02\/6-feb-2025-1024x780.jpg 1024w, https:\/\/media1.jensgustafsson.se\/2025\/02\/6-feb-2025-300x229.jpg 300w, https:\/\/media1.jensgustafsson.se\/2025\/02\/6-feb-2025-768x585.jpg 768w, https:\/\/media1.jensgustafsson.se\/2025\/02\/6-feb-2025-1536x1171.jpg 1536w, https:\/\/media1.jensgustafsson.se\/2025\/02\/6-feb-2025-394x300.jpg 394w, https:\/\/media1.jensgustafsson.se\/2025\/02\/6-feb-2025.jpg 1850w\" sizes=\"auto, (max-width: 1024px) 100vw, 1024px\" \/><figcaption class=\"wp-element-caption\"><strong><em>\u00d6vrasj\u00f6badet p\u00e5 f\u00f6rmiddagen idag.<\/em><\/strong><\/figcaption><\/figure>\n\n\n\n<figure class=\"wp-block-image size-large\"><img loading=\"lazy\" decoding=\"async\" width=\"1024\" height=\"591\" src=\"https:\/\/media1.jensgustafsson.se\/2025\/02\/DSC_0852-1024x591.jpg\" alt=\"\" class=\"wp-image-34961\" srcset=\"https:\/\/media1.jensgustafsson.se\/2025\/02\/DSC_0852-1024x591.jpg 1024w, https:\/\/media1.jensgustafsson.se\/2025\/02\/DSC_0852-300x173.jpg 300w, https:\/\/media1.jensgustafsson.se\/2025\/02\/DSC_0852-768x443.jpg 768w, https:\/\/media1.jensgustafsson.se\/2025\/02\/DSC_0852-1536x887.jpg 1536w, https:\/\/media1.jensgustafsson.se\/2025\/02\/DSC_0852-2048x1183.jpg 2048w, https:\/\/media1.jensgustafsson.se\/2025\/02\/DSC_0852-500x289.jpg 500w\" sizes=\"auto, (max-width: 1024px) 100vw, 1024px\" \/><figcaption class=\"wp-element-caption\"><strong><em>N\u00e5gra s\u00e5ngsvanar p\u00e5 N\u00f6t\u00e5ns \u00f6versv\u00e4mningar p\u00e5 \u00e5krarna.<\/em><\/strong><\/figcaption><\/figure>\n\n\n\n<p class=\"has-medium-font-size\"><em>En sammanfattning fr\u00e5n min v\u00e4derstation, f\u00f6r de senaste 24 timmarna:<\/em><\/p>\n\n\n\n<p class=\"has-medium-font-size\"><strong>20250206 kl. 17.00<br \/>Min. temp: -3,8 \u00b0C<br \/>Max. temp: 4,3 \u00b0C<br \/>Min. lufttryck: 1026,3 hPa<br \/>Max. lufttryck: 1041 hPa<br \/>Min.luftfuktigh. 73 %<br \/>Max.luftfuktigh. 87 %<br \/>Domin. vindriktn.: Nordv\u00e4stlig.<br \/>Maxvind: 4 m\/s.<br \/>Nederb\u00f6rd: 0 mm<br \/>Meteorologisk \u00e5rstid: Vinter<br \/>Kalendarisk \u00e5rstid: Vinterm\u00e5nad 3 av 3<br \/>Sn\u00f6djup: Barmark.<\/strong><\/p>\n\n\n\n<figure class=\"wp-block-image size-large\"><img loading=\"lazy\" decoding=\"async\" width=\"1024\" height=\"461\" src=\"https:\/\/media1.jensgustafsson.se\/2025\/02\/image-12-1024x461.png\" alt=\"\" class=\"wp-image-34956\" srcset=\"https:\/\/media1.jensgustafsson.se\/2025\/02\/image-12-1024x461.png 1024w, https:\/\/media1.jensgustafsson.se\/2025\/02\/image-12-300x135.png 300w, https:\/\/media1.jensgustafsson.se\/2025\/02\/image-12-768x346.png 768w, https:\/\/media1.jensgustafsson.se\/2025\/02\/image-12-1536x692.png 1536w, https:\/\/media1.jensgustafsson.se\/2025\/02\/image-12-500x225.png 500w, https:\/\/media1.jensgustafsson.se\/2025\/02\/image-12.png 1849w\" sizes=\"auto, (max-width: 1024px) 100vw, 1024px\" \/><figcaption class=\"wp-element-caption\"><strong><em>M\u00e5nadens medeltemperatur \u00e4r t.o.m. idag exakt normal f\u00f6r februari.<\/em><\/strong><\/figcaption><\/figure>\n\n\n\n<p><\/p>\n","protected":false},"excerpt":{"rendered":"<p>En klar natt med minusgrader blev det. D\u00e4refter har vi haft en dag med sol fr\u00e5n helt molnfri himmel. En riktigt vacker dag med solstr\u00e5lar som v\u00e4rmer. Den l\u00e4gsta temperaturen blev -3,8 grader och den h\u00f6gsta blev +4,3 grader. Vinden &hellip; <a href=\"https:\/\/jensgustafsson.se\/?p=34955\">Forts\u00e4tt l\u00e4sa <span class=\"meta-nav\">&rarr;<\/span><\/a><\/p>\n","protected":false},"author":1,"featured_media":0,"comment_status":"closed","ping_status":"","sticky":false,"template":"","format":"standard","meta":{"footnotes":""},"categories":[10],"tags":[],"class_list":["post-34955","post","type-post","status-publish","format-standard","hentry","category-vaderdagbok-2013"],"_links":{"self":[{"href":"https:\/\/jensgustafsson.se\/index.php?rest_route=\/wp\/v2\/posts\/34955","targetHints":{"allow":["GET"]}}],"collection":[{"href":"https:\/\/jensgustafsson.se\/index.php?rest_route=\/wp\/v2\/posts"}],"about":[{"href":"https:\/\/jensgustafsson.se\/index.php?rest_route=\/wp\/v2\/types\/post"}],"author":[{"embeddable":true,"href":"https:\/\/jensgustafsson.se\/index.php?rest_route=\/wp\/v2\/users\/1"}],"replies":[{"embeddable":true,"href":"https:\/\/jensgustafsson.se\/index.php?rest_route=%2Fwp%2Fv2%2Fcomments&post=34955"}],"version-history":[{"count":3,"href":"https:\/\/jensgustafsson.se\/index.php?rest_route=\/wp\/v2\/posts\/34955\/revisions"}],"predecessor-version":[{"id":34962,"href":"https:\/\/jensgustafsson.se\/index.php?rest_route=\/wp\/v2\/posts\/34955\/revisions\/34962"}],"wp:attachment":[{"href":"https:\/\/jensgustafsson.se\/index.php?rest_route=%2Fwp%2Fv2%2Fmedia&parent=34955"}],"wp:term":[{"taxonomy":"category","embeddable":true,"href":"https:\/\/jensgustafsson.se\/index.php?rest_route=%2Fwp%2Fv2%2Fcategories&post=34955"},{"taxonomy":"post_tag","embeddable":true,"href":"https:\/\/jensgustafsson.se\/index.php?rest_route=%2Fwp%2Fv2%2Ftags&post=34955"}],"curies":[{"name":"wp","href":"https:\/\/api.w.org\/{rel}","templated":true}]}}