{"id":34964,"date":"2025-02-07T17:59:20","date_gmt":"2025-02-07T16:59:20","guid":{"rendered":"https:\/\/jensgustafsson.se\/?p=34964"},"modified":"2025-02-07T17:59:20","modified_gmt":"2025-02-07T16:59:20","slug":"fredag-7-februari-2025","status":"publish","type":"post","link":"https:\/\/jensgustafsson.se\/?p=34964","title":{"rendered":"Fredag 7 februari 2025."},"content":{"rendered":"\n<p class=\"has-medium-font-size\"><em>Under f\u00f6rnatten till idag var det klar himmel, och temperaturen sj\u00f6nk till flera minusgrader. P\u00e5 efternatten b\u00f6rjade det mulna, och dagen blev mulen med tidvis n\u00e5gra l\u00e4tta sn\u00f6byar.<\/em> <\/p>\n\n\n\n<p class=\"has-medium-font-size\"><em>En kylig och r\u00e5 dag. Den l\u00e4gsta temperaturen under natten blev -5,1 grader, och den h\u00f6gsta dagstemperaturen +<\/em>1,8 grader.<\/p>\n\n\n\n<p class=\"has-medium-font-size\"><em>Svag, kylig nordostlig vind idag.<\/em><\/p>\n\n\n\n<figure class=\"wp-block-image size-large\"><img loading=\"lazy\" decoding=\"async\" width=\"1024\" height=\"683\" src=\"https:\/\/media1.jensgustafsson.se\/2025\/02\/DSC_0782-1024x683.jpg\" alt=\"\" class=\"wp-image-34966\" srcset=\"https:\/\/media1.jensgustafsson.se\/2025\/02\/DSC_0782-1024x683.jpg 1024w, https:\/\/media1.jensgustafsson.se\/2025\/02\/DSC_0782-300x200.jpg 300w, https:\/\/media1.jensgustafsson.se\/2025\/02\/DSC_0782-768x512.jpg 768w, https:\/\/media1.jensgustafsson.se\/2025\/02\/DSC_0782-1536x1024.jpg 1536w, https:\/\/media1.jensgustafsson.se\/2025\/02\/DSC_0782-2048x1365.jpg 2048w, https:\/\/media1.jensgustafsson.se\/2025\/02\/DSC_0782-450x300.jpg 450w\" sizes=\"auto, (max-width: 1024px) 100vw, 1024px\" \/><figcaption class=\"wp-element-caption\"><strong><em>Ett foto fr\u00e5n den fina morgonen den 3:e februari. N\u00f6t\u00e5n, Vecklevad.<\/em><\/strong><\/figcaption><\/figure>\n\n\n\n<p class=\"has-medium-font-size\"><em>En sammanfattning fr\u00e5n min v\u00e4derstation, f\u00f6r de senaste 24 timmarna:<\/em><\/p>\n\n\n\n<p class=\"has-medium-font-size\"><strong>20250207 kl. 17.00<br \/>Min. temp: -5,1 \u00b0C<br \/>Max. temp: 1,8 \u00b0C<br \/>Min. lufttryck: 1039,4 hPa<br \/>Max. lufttryck: 1043,8 hPa<br \/>Min.luftfuktigh. 74 %<br \/>Max.luftfuktigh. 87 %<br \/>Domin. vindriktn.: Nordostlig<br \/>Maxvind: 5 m\/s.<br \/>Nederb\u00f6rd: Ej m\u00e4tbart<br \/>Meteorologisk \u00e5rstid: Vinter<br \/>Kalendarisk \u00e5rstid: Vinterm\u00e5nad 3 av 3<br \/>Sn\u00f6djup: Barmark.<\/strong><\/p>\n\n\n\n<figure class=\"wp-block-image size-large\"><img loading=\"lazy\" decoding=\"async\" width=\"1024\" height=\"461\" src=\"https:\/\/media1.jensgustafsson.se\/2025\/02\/image-13-1024x461.png\" alt=\"\" class=\"wp-image-34969\" srcset=\"https:\/\/media1.jensgustafsson.se\/2025\/02\/image-13-1024x461.png 1024w, https:\/\/media1.jensgustafsson.se\/2025\/02\/image-13-300x135.png 300w, https:\/\/media1.jensgustafsson.se\/2025\/02\/image-13-768x346.png 768w, https:\/\/media1.jensgustafsson.se\/2025\/02\/image-13-1536x692.png 1536w, https:\/\/media1.jensgustafsson.se\/2025\/02\/image-13-500x225.png 500w, https:\/\/media1.jensgustafsson.se\/2025\/02\/image-13.png 1849w\" sizes=\"auto, (max-width: 1024px) 100vw, 1024px\" \/><figcaption class=\"wp-element-caption\"><strong><em>M\u00e5nadens medeltemperatur \u00e4r t.o.m. idag 0,1 grader kallare\u00a0 j\u00e4mf\u00f6rt mot den normala.<\/em><\/strong><\/figcaption><\/figure>\n\n\n\n<p class=\"has-large-font-size\"><em>Ingen m\u00e4tbar nederb\u00f6rd \u00e4n s\u00e5 l\u00e4nge denna m\u00e5nad.<\/em><\/p>\n","protected":false},"excerpt":{"rendered":"<p>Under f\u00f6rnatten till idag var det klar himmel, och temperaturen sj\u00f6nk till flera minusgrader. P\u00e5 efternatten b\u00f6rjade det mulna, och dagen blev mulen med tidvis n\u00e5gra l\u00e4tta sn\u00f6byar. En kylig och r\u00e5 dag. Den l\u00e4gsta temperaturen under natten blev -5,1 &hellip; <a href=\"https:\/\/jensgustafsson.se\/?p=34964\">Forts\u00e4tt l\u00e4sa <span class=\"meta-nav\">&rarr;<\/span><\/a><\/p>\n","protected":false},"author":1,"featured_media":0,"comment_status":"open","ping_status":"","sticky":false,"template":"","format":"standard","meta":{"footnotes":""},"categories":[10],"tags":[],"class_list":["post-34964","post","type-post","status-publish","format-standard","hentry","category-vaderdagbok-2013"],"_links":{"self":[{"href":"https:\/\/jensgustafsson.se\/index.php?rest_route=\/wp\/v2\/posts\/34964","targetHints":{"allow":["GET"]}}],"collection":[{"href":"https:\/\/jensgustafsson.se\/index.php?rest_route=\/wp\/v2\/posts"}],"about":[{"href":"https:\/\/jensgustafsson.se\/index.php?rest_route=\/wp\/v2\/types\/post"}],"author":[{"embeddable":true,"href":"https:\/\/jensgustafsson.se\/index.php?rest_route=\/wp\/v2\/users\/1"}],"replies":[{"embeddable":true,"href":"https:\/\/jensgustafsson.se\/index.php?rest_route=%2Fwp%2Fv2%2Fcomments&post=34964"}],"version-history":[{"count":4,"href":"https:\/\/jensgustafsson.se\/index.php?rest_route=\/wp\/v2\/posts\/34964\/revisions"}],"predecessor-version":[{"id":34970,"href":"https:\/\/jensgustafsson.se\/index.php?rest_route=\/wp\/v2\/posts\/34964\/revisions\/34970"}],"wp:attachment":[{"href":"https:\/\/jensgustafsson.se\/index.php?rest_route=%2Fwp%2Fv2%2Fmedia&parent=34964"}],"wp:term":[{"taxonomy":"category","embeddable":true,"href":"https:\/\/jensgustafsson.se\/index.php?rest_route=%2Fwp%2Fv2%2Fcategories&post=34964"},{"taxonomy":"post_tag","embeddable":true,"href":"https:\/\/jensgustafsson.se\/index.php?rest_route=%2Fwp%2Fv2%2Ftags&post=34964"}],"curies":[{"name":"wp","href":"https:\/\/api.w.org\/{rel}","templated":true}]}}