{"id":34971,"date":"2025-02-08T17:01:06","date_gmt":"2025-02-08T16:01:06","guid":{"rendered":"https:\/\/jensgustafsson.se\/?p=34971"},"modified":"2025-02-08T17:01:06","modified_gmt":"2025-02-08T16:01:06","slug":"lordag-8-februari-2025","status":"publish","type":"post","link":"https:\/\/jensgustafsson.se\/?p=34971","title":{"rendered":"L\u00f6rdag 8 februari 2025."},"content":{"rendered":"\n<p class=\"has-medium-font-size\"><em>Ig\u00e5r kv\u00e4ll kom det lite regn, och det finns med i min sammanfattning h\u00e4r idag. L\u00f6rdagen har varit mulen och gr\u00e5, och upplevts r\u00e5kall.<\/em><\/p>\n\n\n\n<p class=\"has-medium-font-size\"><em>Den l\u00e4gsta temperaturen blev -0,6 grader, och den h\u00f6gsta +0,3 grader.<\/em><\/p>\n\n\n\n<p class=\"has-medium-font-size\"><em>Vinden har varit m\u00e5ttlig, ostlig.<\/em><\/p>\n\n\n\n<figure class=\"wp-block-image size-large\"><img loading=\"lazy\" decoding=\"async\" width=\"1024\" height=\"683\" src=\"https:\/\/media1.jensgustafsson.se\/2025\/02\/DSC_0819-1024x683.jpg\" alt=\"\" class=\"wp-image-34975\" srcset=\"https:\/\/media1.jensgustafsson.se\/2025\/02\/DSC_0819-1024x683.jpg 1024w, https:\/\/media1.jensgustafsson.se\/2025\/02\/DSC_0819-300x200.jpg 300w, https:\/\/media1.jensgustafsson.se\/2025\/02\/DSC_0819-768x512.jpg 768w, https:\/\/media1.jensgustafsson.se\/2025\/02\/DSC_0819-1536x1024.jpg 1536w, https:\/\/media1.jensgustafsson.se\/2025\/02\/DSC_0819-2048x1365.jpg 2048w, https:\/\/media1.jensgustafsson.se\/2025\/02\/DSC_0819-450x300.jpg 450w\" sizes=\"auto, (max-width: 1024px) 100vw, 1024px\" \/><figcaption class=\"wp-element-caption\"><strong><em>Ett foto taget p\u00e5 morgonen den 3 februari. En fin morgon, till skillnad fr\u00e5n gr\u00e5v\u00e4dret idag.<\/em><\/strong><\/figcaption><\/figure>\n\n\n\n<p class=\"has-medium-font-size\"><em>En sammanfattning fr\u00e5n min v\u00e4derstation, f\u00f6r de senaste 24 timmarna:<\/em><\/p>\n\n\n\n<p class=\"has-medium-font-size\"><strong>20250208 kl. 17.00<br \/>Min. temp: -0,6 \u00b0C<br \/>Max. temp: 0,3 \u00b0C<br \/>Min. lufttryck: 1033,1 hPa<br \/>Max. lufttryck: 1039,5 hPa<br \/>Min.luftfuktigh. 71 %<br \/>Max.luftfuktigh. 78 %<br \/>Domin. vindriktn.: Ostlig<br \/>Maxvind: 7 m\/s.<br \/>Nederb\u00f6rd: 1 mm<br \/>Meteorologisk \u00e5rstid: Vinter<br \/>Kalendarisk \u00e5rstid: Vinterm\u00e5nad 3 av 3<br \/>Sn\u00f6djup: Barmark.<\/strong><\/p>\n\n\n\n<figure class=\"wp-block-image size-large\"><img loading=\"lazy\" decoding=\"async\" width=\"1024\" height=\"461\" src=\"https:\/\/media1.jensgustafsson.se\/2025\/02\/image-14-1024x461.png\" alt=\"\" class=\"wp-image-34972\" srcset=\"https:\/\/media1.jensgustafsson.se\/2025\/02\/image-14-1024x461.png 1024w, https:\/\/media1.jensgustafsson.se\/2025\/02\/image-14-300x135.png 300w, https:\/\/media1.jensgustafsson.se\/2025\/02\/image-14-768x346.png 768w, https:\/\/media1.jensgustafsson.se\/2025\/02\/image-14-1536x692.png 1536w, https:\/\/media1.jensgustafsson.se\/2025\/02\/image-14-500x225.png 500w, https:\/\/media1.jensgustafsson.se\/2025\/02\/image-14.png 1849w\" sizes=\"auto, (max-width: 1024px) 100vw, 1024px\" \/><figcaption class=\"wp-element-caption\"><strong><em>M\u00e5nadens medeltemperatur \u00e4r t.o.m. idag exakt normal f\u00f6r februari.<\/em><\/strong><\/figcaption><\/figure>\n\n\n\n<figure class=\"wp-block-image size-large\"><img loading=\"lazy\" decoding=\"async\" width=\"1024\" height=\"529\" src=\"https:\/\/media1.jensgustafsson.se\/2025\/02\/image-15-1024x529.png\" alt=\"\" class=\"wp-image-34973\" srcset=\"https:\/\/media1.jensgustafsson.se\/2025\/02\/image-15-1024x529.png 1024w, https:\/\/media1.jensgustafsson.se\/2025\/02\/image-15-300x155.png 300w, https:\/\/media1.jensgustafsson.se\/2025\/02\/image-15-768x397.png 768w, https:\/\/media1.jensgustafsson.se\/2025\/02\/image-15-500x258.png 500w, https:\/\/media1.jensgustafsson.se\/2025\/02\/image-15.png 1487w\" sizes=\"auto, (max-width: 1024px) 100vw, 1024px\" \/><figcaption class=\"wp-element-caption\"><strong><em>M\u00e5nadens nederb\u00f6rd \u00e4r t.o.m. idag 3 % av den normala.<\/em><\/strong><\/figcaption><\/figure>\n\n\n\n<p><\/p>\n","protected":false},"excerpt":{"rendered":"<p>Ig\u00e5r kv\u00e4ll kom det lite regn, och det finns med i min sammanfattning h\u00e4r idag. L\u00f6rdagen har varit mulen och gr\u00e5, och upplevts r\u00e5kall. Den l\u00e4gsta temperaturen blev -0,6 grader, och den h\u00f6gsta +0,3 grader. Vinden har varit m\u00e5ttlig, ostlig. &hellip; <a href=\"https:\/\/jensgustafsson.se\/?p=34971\">Forts\u00e4tt l\u00e4sa <span class=\"meta-nav\">&rarr;<\/span><\/a><\/p>\n","protected":false},"author":1,"featured_media":0,"comment_status":"closed","ping_status":"","sticky":false,"template":"","format":"standard","meta":{"footnotes":""},"categories":[10],"tags":[],"class_list":["post-34971","post","type-post","status-publish","format-standard","hentry","category-vaderdagbok-2013"],"_links":{"self":[{"href":"https:\/\/jensgustafsson.se\/index.php?rest_route=\/wp\/v2\/posts\/34971","targetHints":{"allow":["GET"]}}],"collection":[{"href":"https:\/\/jensgustafsson.se\/index.php?rest_route=\/wp\/v2\/posts"}],"about":[{"href":"https:\/\/jensgustafsson.se\/index.php?rest_route=\/wp\/v2\/types\/post"}],"author":[{"embeddable":true,"href":"https:\/\/jensgustafsson.se\/index.php?rest_route=\/wp\/v2\/users\/1"}],"replies":[{"embeddable":true,"href":"https:\/\/jensgustafsson.se\/index.php?rest_route=%2Fwp%2Fv2%2Fcomments&post=34971"}],"version-history":[{"count":2,"href":"https:\/\/jensgustafsson.se\/index.php?rest_route=\/wp\/v2\/posts\/34971\/revisions"}],"predecessor-version":[{"id":34976,"href":"https:\/\/jensgustafsson.se\/index.php?rest_route=\/wp\/v2\/posts\/34971\/revisions\/34976"}],"wp:attachment":[{"href":"https:\/\/jensgustafsson.se\/index.php?rest_route=%2Fwp%2Fv2%2Fmedia&parent=34971"}],"wp:term":[{"taxonomy":"category","embeddable":true,"href":"https:\/\/jensgustafsson.se\/index.php?rest_route=%2Fwp%2Fv2%2Fcategories&post=34971"},{"taxonomy":"post_tag","embeddable":true,"href":"https:\/\/jensgustafsson.se\/index.php?rest_route=%2Fwp%2Fv2%2Ftags&post=34971"}],"curies":[{"name":"wp","href":"https:\/\/api.w.org\/{rel}","templated":true}]}}