{"id":34992,"date":"2025-02-11T17:58:13","date_gmt":"2025-02-11T16:58:13","guid":{"rendered":"https:\/\/jensgustafsson.se\/?p=34992"},"modified":"2025-02-11T17:58:13","modified_gmt":"2025-02-11T16:58:13","slug":"tisdag-11-februari-2025","status":"publish","type":"post","link":"https:\/\/jensgustafsson.se\/?p=34992","title":{"rendered":"Tisdag 11 februari 2025."},"content":{"rendered":"\n<p class=\"has-medium-font-size\"><em>Molnen har dominerat v\u00e4dret idag ocks\u00e5, men det har ocks\u00e5 varit stunder med luckor i molnt\u00e4cket.<\/em><\/p>\n\n\n\n<p class=\"has-medium-font-size\"><em>Plusgrader hela dygnet. Den l\u00e4gsta temperaturen blev +0,2 grader, och den h\u00f6gsta blev +2,4 grader.<\/em><\/p>\n\n\n\n<p class=\"has-medium-font-size\"><em>Vinden svag till m\u00e5ttlig, nordostlig.<\/em><\/p>\n\n\n\n<figure class=\"wp-block-image size-large\"><img loading=\"lazy\" decoding=\"async\" width=\"1024\" height=\"683\" src=\"https:\/\/media1.jensgustafsson.se\/2025\/02\/DSC_0903-1024x683.jpg\" alt=\"\" class=\"wp-image-34996\" srcset=\"https:\/\/media1.jensgustafsson.se\/2025\/02\/DSC_0903-1024x683.jpg 1024w, https:\/\/media1.jensgustafsson.se\/2025\/02\/DSC_0903-300x200.jpg 300w, https:\/\/media1.jensgustafsson.se\/2025\/02\/DSC_0903-768x512.jpg 768w, https:\/\/media1.jensgustafsson.se\/2025\/02\/DSC_0903-1536x1024.jpg 1536w, https:\/\/media1.jensgustafsson.se\/2025\/02\/DSC_0903-2048x1365.jpg 2048w, https:\/\/media1.jensgustafsson.se\/2025\/02\/DSC_0903-450x300.jpg 450w\" sizes=\"auto, (max-width: 1024px) 100vw, 1024px\" \/><figcaption class=\"wp-element-caption\"><strong><em>Em\u00e5n vid Ryningsn\u00e4s i eftermiddag.<\/em><\/strong><\/figcaption><\/figure>\n\n\n\n<figure class=\"wp-block-image size-large\"><img loading=\"lazy\" decoding=\"async\" width=\"1024\" height=\"683\" src=\"https:\/\/media1.jensgustafsson.se\/2025\/02\/DSC_0883-1024x683.jpg\" alt=\"\" class=\"wp-image-34997\" srcset=\"https:\/\/media1.jensgustafsson.se\/2025\/02\/DSC_0883-1024x683.jpg 1024w, https:\/\/media1.jensgustafsson.se\/2025\/02\/DSC_0883-300x200.jpg 300w, https:\/\/media1.jensgustafsson.se\/2025\/02\/DSC_0883-768x512.jpg 768w, https:\/\/media1.jensgustafsson.se\/2025\/02\/DSC_0883-1536x1024.jpg 1536w, https:\/\/media1.jensgustafsson.se\/2025\/02\/DSC_0883-2048x1365.jpg 2048w, https:\/\/media1.jensgustafsson.se\/2025\/02\/DSC_0883-450x300.jpg 450w\" sizes=\"auto, (max-width: 1024px) 100vw, 1024px\" \/><figcaption class=\"wp-element-caption\"><strong><em>Sn\u00f6droppar vid Lillsj\u00f6dal idag.<\/em><\/strong><\/figcaption><\/figure>\n\n\n\n<p class=\"has-medium-font-size\"><em>En sammanfattning fr\u00e5n min v\u00e4derstation, f\u00f6r de senaste 24 timmarna:<\/em><\/p>\n\n\n\n<p class=\"has-medium-font-size\"><em>20250211 kl. 17.00<br \/>Min. temp: 0,2 \u00b0C<br \/>Max. temp: 2,4 \u00b0C<br \/>Min. lufttryck: 1033,7 hPa<br \/>Max. lufttryck: 1038,6 hPa<br \/>Min.luftfuktigh. 69 %<br \/>Max.luftfuktigh. 81 %<br \/>Domin. vindriktn.: Nordostlig<br \/>Maxvind: 5 m\/s.<br \/>Nederb\u00f6rd: 0 mm<br \/>Meteorologisk \u00e5rstid: Vinter<br \/>Kalendarisk \u00e5rstid: Vinterm\u00e5nad 3 av 3<br \/>Sn\u00f6djup: Barmark.<\/em><\/p>\n\n\n\n<figure class=\"wp-block-image size-large\"><img loading=\"lazy\" decoding=\"async\" width=\"1024\" height=\"461\" src=\"https:\/\/media1.jensgustafsson.se\/2025\/02\/image-20-1024x461.png\" alt=\"\" class=\"wp-image-34993\" srcset=\"https:\/\/media1.jensgustafsson.se\/2025\/02\/image-20-1024x461.png 1024w, https:\/\/media1.jensgustafsson.se\/2025\/02\/image-20-300x135.png 300w, https:\/\/media1.jensgustafsson.se\/2025\/02\/image-20-768x346.png 768w, https:\/\/media1.jensgustafsson.se\/2025\/02\/image-20-1536x692.png 1536w, https:\/\/media1.jensgustafsson.se\/2025\/02\/image-20-500x225.png 500w, https:\/\/media1.jensgustafsson.se\/2025\/02\/image-20.png 1849w\" sizes=\"auto, (max-width: 1024px) 100vw, 1024px\" \/><figcaption class=\"wp-element-caption\"><strong><em>M\u00e5nadens medeltemperatur \u00e4r t.o.m. idag 0,3 grader varmare&nbsp; j\u00e4mf\u00f6rt mot den normala.<\/em><\/strong><\/figcaption><\/figure>\n\n\n\n<figure class=\"wp-block-image size-large\"><img loading=\"lazy\" decoding=\"async\" width=\"1024\" height=\"529\" src=\"https:\/\/media1.jensgustafsson.se\/2025\/02\/image-21-1024x529.png\" alt=\"\" class=\"wp-image-34994\" srcset=\"https:\/\/media1.jensgustafsson.se\/2025\/02\/image-21-1024x529.png 1024w, https:\/\/media1.jensgustafsson.se\/2025\/02\/image-21-300x155.png 300w, https:\/\/media1.jensgustafsson.se\/2025\/02\/image-21-768x397.png 768w, https:\/\/media1.jensgustafsson.se\/2025\/02\/image-21-500x258.png 500w, https:\/\/media1.jensgustafsson.se\/2025\/02\/image-21.png 1487w\" sizes=\"auto, (max-width: 1024px) 100vw, 1024px\" \/><figcaption class=\"wp-element-caption\"><strong><em>M\u00e5nadens nederb\u00f6rd \u00e4r t.o.m. idag 3 % av den normala.<\/em><\/strong><\/figcaption><\/figure>\n\n\n\n<p><\/p>\n","protected":false},"excerpt":{"rendered":"<p>Molnen har dominerat v\u00e4dret idag ocks\u00e5, men det har ocks\u00e5 varit stunder med luckor i molnt\u00e4cket. Plusgrader hela dygnet. Den l\u00e4gsta temperaturen blev +0,2 grader, och den h\u00f6gsta blev +2,4 grader. Vinden svag till m\u00e5ttlig, nordostlig. En sammanfattning fr\u00e5n min &hellip; <a href=\"https:\/\/jensgustafsson.se\/?p=34992\">Forts\u00e4tt l\u00e4sa <span class=\"meta-nav\">&rarr;<\/span><\/a><\/p>\n","protected":false},"author":1,"featured_media":0,"comment_status":"closed","ping_status":"","sticky":false,"template":"","format":"standard","meta":{"footnotes":""},"categories":[10],"tags":[],"class_list":["post-34992","post","type-post","status-publish","format-standard","hentry","category-vaderdagbok-2013"],"_links":{"self":[{"href":"https:\/\/jensgustafsson.se\/index.php?rest_route=\/wp\/v2\/posts\/34992","targetHints":{"allow":["GET"]}}],"collection":[{"href":"https:\/\/jensgustafsson.se\/index.php?rest_route=\/wp\/v2\/posts"}],"about":[{"href":"https:\/\/jensgustafsson.se\/index.php?rest_route=\/wp\/v2\/types\/post"}],"author":[{"embeddable":true,"href":"https:\/\/jensgustafsson.se\/index.php?rest_route=\/wp\/v2\/users\/1"}],"replies":[{"embeddable":true,"href":"https:\/\/jensgustafsson.se\/index.php?rest_route=%2Fwp%2Fv2%2Fcomments&post=34992"}],"version-history":[{"count":2,"href":"https:\/\/jensgustafsson.se\/index.php?rest_route=\/wp\/v2\/posts\/34992\/revisions"}],"predecessor-version":[{"id":34998,"href":"https:\/\/jensgustafsson.se\/index.php?rest_route=\/wp\/v2\/posts\/34992\/revisions\/34998"}],"wp:attachment":[{"href":"https:\/\/jensgustafsson.se\/index.php?rest_route=%2Fwp%2Fv2%2Fmedia&parent=34992"}],"wp:term":[{"taxonomy":"category","embeddable":true,"href":"https:\/\/jensgustafsson.se\/index.php?rest_route=%2Fwp%2Fv2%2Fcategories&post=34992"},{"taxonomy":"post_tag","embeddable":true,"href":"https:\/\/jensgustafsson.se\/index.php?rest_route=%2Fwp%2Fv2%2Ftags&post=34992"}],"curies":[{"name":"wp","href":"https:\/\/api.w.org\/{rel}","templated":true}]}}