{"id":34999,"date":"2025-02-12T16:49:24","date_gmt":"2025-02-12T15:49:24","guid":{"rendered":"https:\/\/jensgustafsson.se\/?p=34999"},"modified":"2025-02-12T16:49:24","modified_gmt":"2025-02-12T15:49:24","slug":"onsdag-12-februari-2025","status":"publish","type":"post","link":"https:\/\/jensgustafsson.se\/?p=34999","title":{"rendered":"Onsdag 12 februari 2025."},"content":{"rendered":"\n<p class=\"has-medium-font-size\"><em>Det solfattiga v\u00e4dret fortsatte idag ocks\u00e5. Mulet hela dagen, men uppeh\u00e5llsv\u00e4der.<\/em><\/p>\n\n\n\n<p class=\"has-medium-font-size\"><em>Minusgrader hela dygnet (isdygn). Den l\u00e4gsta temperaturen blev -1,9 grader, och den h\u00f6gsta blev -0,2 grader.<\/em><\/p>\n\n\n\n<p class=\"has-medium-font-size\"><em>Vinden har varit svag till m\u00e5ttlig, mestadels ostlig idag.<\/em><\/p>\n\n\n\n<figure class=\"wp-block-image size-large\"><img loading=\"lazy\" decoding=\"async\" width=\"1024\" height=\"617\" src=\"https:\/\/media1.jensgustafsson.se\/2025\/02\/DSC_0905-1024x617.jpg\" alt=\"\" class=\"wp-image-35004\" srcset=\"https:\/\/media1.jensgustafsson.se\/2025\/02\/DSC_0905-1024x617.jpg 1024w, https:\/\/media1.jensgustafsson.se\/2025\/02\/DSC_0905-300x181.jpg 300w, https:\/\/media1.jensgustafsson.se\/2025\/02\/DSC_0905-768x463.jpg 768w, https:\/\/media1.jensgustafsson.se\/2025\/02\/DSC_0905-1536x926.jpg 1536w, https:\/\/media1.jensgustafsson.se\/2025\/02\/DSC_0905-2048x1234.jpg 2048w, https:\/\/media1.jensgustafsson.se\/2025\/02\/DSC_0905-498x300.jpg 498w\" sizes=\"auto, (max-width: 1024px) 100vw, 1024px\" \/><figcaption class=\"wp-element-caption\"><strong><em>Tv\u00e5 r\u00e5djur som g\u00e5r ute p\u00e5 \u00e5krarna i det gr\u00e5a, kyliga v\u00e4dret.<\/em><\/strong><\/figcaption><\/figure>\n\n\n\n<p class=\"has-medium-font-size\"><em>En sammanfattning fr\u00e5n min v\u00e4derstation, f\u00f6r de senaste 24 timmarna:<\/em><\/p>\n\n\n\n<p class=\"has-medium-font-size\"><strong>20250212 kl. 17.00<br \/>Min. temp: -1,9 \u00b0C<br \/>Max. temp: -0,2 \u00b0C<br \/>Min. lufttryck: 1024,7 hPa<br \/>Max. lufttryck: 1033,8 hPa<br \/>Min.luftfuktigh. 69 %<br \/>Max.luftfuktigh. 78 %<br \/>Domin. vindriktn.: Ostlig<br \/>Maxvind: 6 m\/s.<br \/>Nederb\u00f6rd: 0 mm<br \/>Meteorologisk \u00e5rstid: Vinter<br \/>Kalendarisk \u00e5rstid: Vinterm\u00e5nad 3 av 3<br \/>Sn\u00f6djup: Barmark.<\/strong><\/p>\n\n\n\n<figure class=\"wp-block-image size-large\"><img loading=\"lazy\" decoding=\"async\" width=\"1024\" height=\"461\" src=\"https:\/\/media1.jensgustafsson.se\/2025\/02\/image-22-1024x461.png\" alt=\"\" class=\"wp-image-35000\" srcset=\"https:\/\/media1.jensgustafsson.se\/2025\/02\/image-22-1024x461.png 1024w, https:\/\/media1.jensgustafsson.se\/2025\/02\/image-22-300x135.png 300w, https:\/\/media1.jensgustafsson.se\/2025\/02\/image-22-768x346.png 768w, https:\/\/media1.jensgustafsson.se\/2025\/02\/image-22-1536x692.png 1536w, https:\/\/media1.jensgustafsson.se\/2025\/02\/image-22-500x225.png 500w, https:\/\/media1.jensgustafsson.se\/2025\/02\/image-22.png 1849w\" sizes=\"auto, (max-width: 1024px) 100vw, 1024px\" \/><figcaption class=\"wp-element-caption\"><strong><em>M\u00e5nadens medeltemperatur \u00e4r t.o.m. idag 0,3 grader varmare&nbsp; j\u00e4mf\u00f6rt mot den normala.<\/em><\/strong><\/figcaption><\/figure>\n\n\n\n<figure class=\"wp-block-image size-large\"><img loading=\"lazy\" decoding=\"async\" width=\"1024\" height=\"529\" src=\"https:\/\/media1.jensgustafsson.se\/2025\/02\/image-23-1024x529.png\" alt=\"\" class=\"wp-image-35001\" srcset=\"https:\/\/media1.jensgustafsson.se\/2025\/02\/image-23-1024x529.png 1024w, https:\/\/media1.jensgustafsson.se\/2025\/02\/image-23-300x155.png 300w, https:\/\/media1.jensgustafsson.se\/2025\/02\/image-23-768x397.png 768w, https:\/\/media1.jensgustafsson.se\/2025\/02\/image-23-500x258.png 500w, https:\/\/media1.jensgustafsson.se\/2025\/02\/image-23.png 1487w\" sizes=\"auto, (max-width: 1024px) 100vw, 1024px\" \/><figcaption class=\"wp-element-caption\"><strong><em>M\u00e5nadens nederb\u00f6rd \u00e4r t.o.m. idag 3 % av den normala.<\/em><\/strong><\/figcaption><\/figure>\n\n\n\n<p><\/p>\n","protected":false},"excerpt":{"rendered":"<p>Det solfattiga v\u00e4dret fortsatte idag ocks\u00e5. Mulet hela dagen, men uppeh\u00e5llsv\u00e4der. Minusgrader hela dygnet (isdygn). Den l\u00e4gsta temperaturen blev -1,9 grader, och den h\u00f6gsta blev -0,2 grader. Vinden har varit svag till m\u00e5ttlig, mestadels ostlig idag. En sammanfattning fr\u00e5n min &hellip; <a href=\"https:\/\/jensgustafsson.se\/?p=34999\">Forts\u00e4tt l\u00e4sa <span class=\"meta-nav\">&rarr;<\/span><\/a><\/p>\n","protected":false},"author":1,"featured_media":0,"comment_status":"open","ping_status":"","sticky":false,"template":"","format":"standard","meta":{"footnotes":""},"categories":[10],"tags":[],"class_list":["post-34999","post","type-post","status-publish","format-standard","hentry","category-vaderdagbok-2013"],"_links":{"self":[{"href":"https:\/\/jensgustafsson.se\/index.php?rest_route=\/wp\/v2\/posts\/34999","targetHints":{"allow":["GET"]}}],"collection":[{"href":"https:\/\/jensgustafsson.se\/index.php?rest_route=\/wp\/v2\/posts"}],"about":[{"href":"https:\/\/jensgustafsson.se\/index.php?rest_route=\/wp\/v2\/types\/post"}],"author":[{"embeddable":true,"href":"https:\/\/jensgustafsson.se\/index.php?rest_route=\/wp\/v2\/users\/1"}],"replies":[{"embeddable":true,"href":"https:\/\/jensgustafsson.se\/index.php?rest_route=%2Fwp%2Fv2%2Fcomments&post=34999"}],"version-history":[{"count":3,"href":"https:\/\/jensgustafsson.se\/index.php?rest_route=\/wp\/v2\/posts\/34999\/revisions"}],"predecessor-version":[{"id":35005,"href":"https:\/\/jensgustafsson.se\/index.php?rest_route=\/wp\/v2\/posts\/34999\/revisions\/35005"}],"wp:attachment":[{"href":"https:\/\/jensgustafsson.se\/index.php?rest_route=%2Fwp%2Fv2%2Fmedia&parent=34999"}],"wp:term":[{"taxonomy":"category","embeddable":true,"href":"https:\/\/jensgustafsson.se\/index.php?rest_route=%2Fwp%2Fv2%2Fcategories&post=34999"},{"taxonomy":"post_tag","embeddable":true,"href":"https:\/\/jensgustafsson.se\/index.php?rest_route=%2Fwp%2Fv2%2Ftags&post=34999"}],"curies":[{"name":"wp","href":"https:\/\/api.w.org\/{rel}","templated":true}]}}