{"id":35006,"date":"2025-02-13T17:23:17","date_gmt":"2025-02-13T16:23:17","guid":{"rendered":"https:\/\/jensgustafsson.se\/?p=35006"},"modified":"2025-02-13T17:23:17","modified_gmt":"2025-02-13T16:23:17","slug":"torsdag-13-februari-2025","status":"publish","type":"post","link":"https:\/\/jensgustafsson.se\/?p=35006","title":{"rendered":"Torsdag 13 februari 2025."},"content":{"rendered":"\n<p class=\"has-medium-font-size\"><em>En dag till med mulet och gr\u00e5tt v\u00e4der. Tidvis har det ocks\u00e5 kommit n\u00e5gra l\u00e4tta sn\u00f6flingor (inget m\u00e4tbart). Nu under sena eftermiddagen kan jag se lite luckor i molnt\u00e4cket i norr. Vi kommer enligt prognosen att f\u00e5 lite kallare v\u00e4der ett tag nu.<\/em><\/p>\n\n\n\n<p class=\"has-medium-font-size\"><em>Den l\u00e4gsta temperaturen blev -3,2 grader, och den h\u00f6gsta blev -1,4 grader.<\/em><\/p>\n\n\n\n<p class=\"has-medium-font-size\"><em>Vinden har varit svag till m\u00e5ttlig, nordostlig.<\/em><\/p>\n\n\n\n<figure class=\"wp-block-image size-large\"><img loading=\"lazy\" decoding=\"async\" width=\"1024\" height=\"768\" src=\"https:\/\/media1.jensgustafsson.se\/2025\/02\/13-feb-2025-1024x768.jpg\" alt=\"\" class=\"wp-image-35008\" srcset=\"https:\/\/media1.jensgustafsson.se\/2025\/02\/13-feb-2025-1024x768.jpg 1024w, https:\/\/media1.jensgustafsson.se\/2025\/02\/13-feb-2025-300x225.jpg 300w, https:\/\/media1.jensgustafsson.se\/2025\/02\/13-feb-2025-768x576.jpg 768w, https:\/\/media1.jensgustafsson.se\/2025\/02\/13-feb-2025-1536x1152.jpg 1536w, https:\/\/media1.jensgustafsson.se\/2025\/02\/13-feb-2025-400x300.jpg 400w, https:\/\/media1.jensgustafsson.se\/2025\/02\/13-feb-2025.jpg 1920w\" sizes=\"auto, (max-width: 1024px) 100vw, 1024px\" \/><figcaption class=\"wp-element-caption\"><strong><em>I eftermiddag vid K\u00e4lltorp, mellan F\u00e5gelfors och H\u00f6gsby.<\/em><\/strong><\/figcaption><\/figure>\n\n\n\n<p class=\"has-medium-font-size\"><em>En sammanfattning fr\u00e5n min v\u00e4derstation, f\u00f6r de senaste 24 timmarna:<\/em><\/p>\n\n\n\n<p class=\"has-medium-font-size\"><strong>20250213 kl. 17.00<br \/>Min. temp: -3,2 \u00b0C<br \/>Max. temp: -1,4 \u00b0C<br \/>Min. lufttryck: 1020,1 hPa<br \/>Max. lufttryck: 1025 hPa<br \/>Min.luftfuktigh. 71 %<br \/>Max.luftfuktigh. 83 %<br \/>Domin. vindriktn.: Nordostlig<br \/>Maxvind: 5 m\/s.<br \/>Nederb\u00f6rd: 0 mm<br \/>Meteorologisk \u00e5rstid: Vinter<br \/>Kalendarisk \u00e5rstid: Vinterm\u00e5nad 3 av 3<br \/>Sn\u00f6djup: Barmark.<\/strong><\/p>\n\n\n\n<figure class=\"wp-block-image size-large\"><img loading=\"lazy\" decoding=\"async\" width=\"1024\" height=\"461\" src=\"https:\/\/media1.jensgustafsson.se\/2025\/02\/image-24-1024x461.png\" alt=\"\" class=\"wp-image-35011\" srcset=\"https:\/\/media1.jensgustafsson.se\/2025\/02\/image-24-1024x461.png 1024w, https:\/\/media1.jensgustafsson.se\/2025\/02\/image-24-300x135.png 300w, https:\/\/media1.jensgustafsson.se\/2025\/02\/image-24-768x346.png 768w, https:\/\/media1.jensgustafsson.se\/2025\/02\/image-24-1536x692.png 1536w, https:\/\/media1.jensgustafsson.se\/2025\/02\/image-24-500x225.png 500w, https:\/\/media1.jensgustafsson.se\/2025\/02\/image-24.png 1849w\" sizes=\"auto, (max-width: 1024px) 100vw, 1024px\" \/><figcaption class=\"wp-element-caption\"><strong><em>M\u00e5nadens medeltemperatur \u00e4r t.o.m. idag 0,2 grader varmare\u00a0 j\u00e4mf\u00f6rt mot den normala.<\/em><\/strong><\/figcaption><\/figure>\n\n\n\n<figure class=\"wp-block-image size-large\"><img loading=\"lazy\" decoding=\"async\" width=\"1024\" height=\"529\" src=\"https:\/\/media1.jensgustafsson.se\/2025\/02\/image-25-1024x529.png\" alt=\"\" class=\"wp-image-35012\" srcset=\"https:\/\/media1.jensgustafsson.se\/2025\/02\/image-25-1024x529.png 1024w, https:\/\/media1.jensgustafsson.se\/2025\/02\/image-25-300x155.png 300w, https:\/\/media1.jensgustafsson.se\/2025\/02\/image-25-768x397.png 768w, https:\/\/media1.jensgustafsson.se\/2025\/02\/image-25-500x258.png 500w, https:\/\/media1.jensgustafsson.se\/2025\/02\/image-25.png 1487w\" sizes=\"auto, (max-width: 1024px) 100vw, 1024px\" \/><figcaption class=\"wp-element-caption\"><strong><em>M\u00e5nadens nederb\u00f6rd \u00e4r t.o.m. idag 3 % av den normala.<\/em><\/strong><\/figcaption><\/figure>\n\n\n\n<p><\/p>\n","protected":false},"excerpt":{"rendered":"<p>En dag till med mulet och gr\u00e5tt v\u00e4der. Tidvis har det ocks\u00e5 kommit n\u00e5gra l\u00e4tta sn\u00f6flingor (inget m\u00e4tbart). Nu under sena eftermiddagen kan jag se lite luckor i molnt\u00e4cket i norr. Vi kommer enligt prognosen att f\u00e5 lite kallare v\u00e4der &hellip; <a href=\"https:\/\/jensgustafsson.se\/?p=35006\">Forts\u00e4tt l\u00e4sa <span class=\"meta-nav\">&rarr;<\/span><\/a><\/p>\n","protected":false},"author":1,"featured_media":0,"comment_status":"closed","ping_status":"","sticky":false,"template":"","format":"standard","meta":{"footnotes":""},"categories":[10],"tags":[],"class_list":["post-35006","post","type-post","status-publish","format-standard","hentry","category-vaderdagbok-2013"],"_links":{"self":[{"href":"https:\/\/jensgustafsson.se\/index.php?rest_route=\/wp\/v2\/posts\/35006","targetHints":{"allow":["GET"]}}],"collection":[{"href":"https:\/\/jensgustafsson.se\/index.php?rest_route=\/wp\/v2\/posts"}],"about":[{"href":"https:\/\/jensgustafsson.se\/index.php?rest_route=\/wp\/v2\/types\/post"}],"author":[{"embeddable":true,"href":"https:\/\/jensgustafsson.se\/index.php?rest_route=\/wp\/v2\/users\/1"}],"replies":[{"embeddable":true,"href":"https:\/\/jensgustafsson.se\/index.php?rest_route=%2Fwp%2Fv2%2Fcomments&post=35006"}],"version-history":[{"count":5,"href":"https:\/\/jensgustafsson.se\/index.php?rest_route=\/wp\/v2\/posts\/35006\/revisions"}],"predecessor-version":[{"id":35014,"href":"https:\/\/jensgustafsson.se\/index.php?rest_route=\/wp\/v2\/posts\/35006\/revisions\/35014"}],"wp:attachment":[{"href":"https:\/\/jensgustafsson.se\/index.php?rest_route=%2Fwp%2Fv2%2Fmedia&parent=35006"}],"wp:term":[{"taxonomy":"category","embeddable":true,"href":"https:\/\/jensgustafsson.se\/index.php?rest_route=%2Fwp%2Fv2%2Fcategories&post=35006"},{"taxonomy":"post_tag","embeddable":true,"href":"https:\/\/jensgustafsson.se\/index.php?rest_route=%2Fwp%2Fv2%2Ftags&post=35006"}],"curies":[{"name":"wp","href":"https:\/\/api.w.org\/{rel}","templated":true}]}}