{"id":35015,"date":"2025-02-14T18:31:21","date_gmt":"2025-02-14T17:31:21","guid":{"rendered":"https:\/\/jensgustafsson.se\/?p=35015"},"modified":"2025-02-14T18:31:21","modified_gmt":"2025-02-14T17:31:21","slug":"fredag-14-februari-2025","status":"publish","type":"post","link":"https:\/\/jensgustafsson.se\/?p=35015","title":{"rendered":"Fredag 14 februari 2025."},"content":{"rendered":"\n<p class=\"has-medium-font-size\"><em>Natten blev klar och kall. D\u00e4refter fick vi en solig f\u00f6rmiddag. Efter lunch har det varit mera moln, och under sena eftermiddagen kom det n\u00e5gra l\u00e4tta sn\u00f6byar ocks\u00e5. Ingen m\u00e4tbar nederb\u00f6rdsm\u00e4ngd.<\/em><\/p>\n\n\n\n<p class=\"has-medium-font-size\"><em>Ett isdygn blev det, den l\u00e4gsta temperaturen blev -7,1 grader, och den h\u00f6gsta blev -0,6 grader.<\/em><\/p>\n\n\n\n<p class=\"has-medium-font-size\"><em>Vinden har varit m\u00e5ttlig, nordlig idag.<\/em><\/p>\n\n\n\n<figure class=\"wp-block-image size-large\"><img loading=\"lazy\" decoding=\"async\" width=\"1024\" height=\"683\" src=\"https:\/\/media1.jensgustafsson.se\/2025\/02\/DSC_0940-1024x683.jpg\" alt=\"\" class=\"wp-image-35019\" srcset=\"https:\/\/media1.jensgustafsson.se\/2025\/02\/DSC_0940-1024x683.jpg 1024w, https:\/\/media1.jensgustafsson.se\/2025\/02\/DSC_0940-300x200.jpg 300w, https:\/\/media1.jensgustafsson.se\/2025\/02\/DSC_0940-768x512.jpg 768w, https:\/\/media1.jensgustafsson.se\/2025\/02\/DSC_0940-1536x1024.jpg 1536w, https:\/\/media1.jensgustafsson.se\/2025\/02\/DSC_0940-2048x1365.jpg 2048w, https:\/\/media1.jensgustafsson.se\/2025\/02\/DSC_0940-450x300.jpg 450w\" sizes=\"auto, (max-width: 1024px) 100vw, 1024px\" \/><figcaption class=\"wp-element-caption\"><strong><em>Foto taget ut genom f\u00f6nstret vid soluppg\u00e5ngen idag.<\/em><\/strong><\/figcaption><\/figure>\n\n\n\n<figure class=\"wp-block-image size-large\"><img loading=\"lazy\" decoding=\"async\" width=\"1024\" height=\"683\" src=\"https:\/\/media1.jensgustafsson.se\/2025\/02\/DSC_0954-1024x683.jpg\" alt=\"\" class=\"wp-image-35020\" srcset=\"https:\/\/media1.jensgustafsson.se\/2025\/02\/DSC_0954-1024x683.jpg 1024w, https:\/\/media1.jensgustafsson.se\/2025\/02\/DSC_0954-300x200.jpg 300w, https:\/\/media1.jensgustafsson.se\/2025\/02\/DSC_0954-768x512.jpg 768w, https:\/\/media1.jensgustafsson.se\/2025\/02\/DSC_0954-1536x1024.jpg 1536w, https:\/\/media1.jensgustafsson.se\/2025\/02\/DSC_0954-2048x1365.jpg 2048w, https:\/\/media1.jensgustafsson.se\/2025\/02\/DSC_0954-450x300.jpg 450w\" sizes=\"auto, (max-width: 1024px) 100vw, 1024px\" \/><figcaption class=\"wp-element-caption\"><strong><em>En sn\u00f6by under eftermiddagen gjorde att det blev lite vitt p\u00e5 marken.<\/em><\/strong><\/figcaption><\/figure>\n\n\n\n<p class=\"has-medium-font-size\"><em>En sammanfattning fr\u00e5n min v\u00e4derstation, f\u00f6r de senaste 24 timmarna:<\/em><\/p>\n\n\n\n<p class=\"has-medium-font-size\"><strong>20250214 kl. 18.00<br \/>Min. temp: -7,1 \u00b0C<br \/>Max. temp: -0,6 \u00b0C<br \/>Min. lufttryck: 1020,3 hPa<br \/>Max. lufttryck: 1023,4 hPa<br \/>Min.luftfuktigh. 53 %<br \/>Max.luftfuktigh. 82 %<br \/>Domin. vindriktn.: Nordlig<br \/>Maxvind: 7 m\/s.<br \/>Nederb\u00f6rd: 0<br \/>Meteorologisk \u00e5rstid: Vinter<br \/>Kalendarisk \u00e5rstid: Vinterm\u00e5nad 3 av 3<br \/>Sn\u00f6djup: Lite vitt p\u00e5 marken, men inget m\u00e4tbart.<\/strong><\/p>\n\n\n\n<figure class=\"wp-block-image size-large\"><img loading=\"lazy\" decoding=\"async\" width=\"1024\" height=\"461\" src=\"https:\/\/media1.jensgustafsson.se\/2025\/02\/image-26-1024x461.png\" alt=\"\" class=\"wp-image-35016\" srcset=\"https:\/\/media1.jensgustafsson.se\/2025\/02\/image-26-1024x461.png 1024w, https:\/\/media1.jensgustafsson.se\/2025\/02\/image-26-300x135.png 300w, https:\/\/media1.jensgustafsson.se\/2025\/02\/image-26-768x346.png 768w, https:\/\/media1.jensgustafsson.se\/2025\/02\/image-26-1536x692.png 1536w, https:\/\/media1.jensgustafsson.se\/2025\/02\/image-26-500x225.png 500w, https:\/\/media1.jensgustafsson.se\/2025\/02\/image-26.png 1849w\" sizes=\"auto, (max-width: 1024px) 100vw, 1024px\" \/><figcaption class=\"wp-element-caption\"><strong><em>M\u00e5nadens medeltemperatur \u00e4r t.o.m. idag 0,1 grad kallare&nbsp; j\u00e4mf\u00f6rt mot den normala.<\/em><\/strong><\/figcaption><\/figure>\n\n\n\n<figure class=\"wp-block-image size-large\"><img loading=\"lazy\" decoding=\"async\" width=\"1024\" height=\"529\" src=\"https:\/\/media1.jensgustafsson.se\/2025\/02\/image-27-1024x529.png\" alt=\"\" class=\"wp-image-35017\" srcset=\"https:\/\/media1.jensgustafsson.se\/2025\/02\/image-27-1024x529.png 1024w, https:\/\/media1.jensgustafsson.se\/2025\/02\/image-27-300x155.png 300w, https:\/\/media1.jensgustafsson.se\/2025\/02\/image-27-768x397.png 768w, https:\/\/media1.jensgustafsson.se\/2025\/02\/image-27-500x258.png 500w, https:\/\/media1.jensgustafsson.se\/2025\/02\/image-27.png 1487w\" sizes=\"auto, (max-width: 1024px) 100vw, 1024px\" \/><figcaption class=\"wp-element-caption\"><strong><em>M\u00e5nadens nederb\u00f6rd \u00e4r t.o.m. idag 3 % av den normala.<\/em><\/strong><\/figcaption><\/figure>\n","protected":false},"excerpt":{"rendered":"<p>Natten blev klar och kall. D\u00e4refter fick vi en solig f\u00f6rmiddag. Efter lunch har det varit mera moln, och under sena eftermiddagen kom det n\u00e5gra l\u00e4tta sn\u00f6byar ocks\u00e5. Ingen m\u00e4tbar nederb\u00f6rdsm\u00e4ngd. Ett isdygn blev det, den l\u00e4gsta temperaturen blev -7,1 &hellip; <a href=\"https:\/\/jensgustafsson.se\/?p=35015\">Forts\u00e4tt l\u00e4sa <span class=\"meta-nav\">&rarr;<\/span><\/a><\/p>\n","protected":false},"author":1,"featured_media":0,"comment_status":"closed","ping_status":"","sticky":false,"template":"","format":"standard","meta":{"footnotes":""},"categories":[10],"tags":[],"class_list":["post-35015","post","type-post","status-publish","format-standard","hentry","category-vaderdagbok-2013"],"_links":{"self":[{"href":"https:\/\/jensgustafsson.se\/index.php?rest_route=\/wp\/v2\/posts\/35015","targetHints":{"allow":["GET"]}}],"collection":[{"href":"https:\/\/jensgustafsson.se\/index.php?rest_route=\/wp\/v2\/posts"}],"about":[{"href":"https:\/\/jensgustafsson.se\/index.php?rest_route=\/wp\/v2\/types\/post"}],"author":[{"embeddable":true,"href":"https:\/\/jensgustafsson.se\/index.php?rest_route=\/wp\/v2\/users\/1"}],"replies":[{"embeddable":true,"href":"https:\/\/jensgustafsson.se\/index.php?rest_route=%2Fwp%2Fv2%2Fcomments&post=35015"}],"version-history":[{"count":3,"href":"https:\/\/jensgustafsson.se\/index.php?rest_route=\/wp\/v2\/posts\/35015\/revisions"}],"predecessor-version":[{"id":35022,"href":"https:\/\/jensgustafsson.se\/index.php?rest_route=\/wp\/v2\/posts\/35015\/revisions\/35022"}],"wp:attachment":[{"href":"https:\/\/jensgustafsson.se\/index.php?rest_route=%2Fwp%2Fv2%2Fmedia&parent=35015"}],"wp:term":[{"taxonomy":"category","embeddable":true,"href":"https:\/\/jensgustafsson.se\/index.php?rest_route=%2Fwp%2Fv2%2Fcategories&post=35015"},{"taxonomy":"post_tag","embeddable":true,"href":"https:\/\/jensgustafsson.se\/index.php?rest_route=%2Fwp%2Fv2%2Ftags&post=35015"}],"curies":[{"name":"wp","href":"https:\/\/api.w.org\/{rel}","templated":true}]}}