{"id":35023,"date":"2025-02-15T17:06:08","date_gmt":"2025-02-15T16:06:08","guid":{"rendered":"https:\/\/jensgustafsson.se\/?p=35023"},"modified":"2025-02-15T17:06:08","modified_gmt":"2025-02-15T16:06:08","slug":"lordag-15-februari-2025","status":"publish","type":"post","link":"https:\/\/jensgustafsson.se\/?p=35023","title":{"rendered":"L\u00f6rdag 15 februari 2025."},"content":{"rendered":"\n<p class=\"has-medium-font-size\"><em>Lite skiftande v\u00e4der idag. P\u00e5 morgonen var det molnigt. D\u00e4refter l\u00e4ttade molnt\u00e4cket under f\u00f6rmiddagen, och det blev n\u00e4stan klar himmel och sol ett tag. Molnen hopade sig fr\u00e5n v\u00e4ster efterhand, och resten av dagen har vi f\u00e5tt sn\u00f6byar, tidvis ganska kraftiga. Molnigheten l\u00e4ttar fr\u00e5n norr nu mot kv\u00e4llen.<\/em><\/p>\n\n\n\n<p class=\"has-medium-font-size\"><em>Minusgrader hela dygnet (isdygn). Den l\u00e4gsta temperaturen blev -6,2 grader, och den h\u00f6gsta -0,8 grader.<\/em><\/p>\n\n\n\n<p class=\"has-medium-font-size\"><em>Vinden har varit svag till m\u00e5ttlig, v\u00e4stlig, vridande mot nord i kv\u00e4ll.<\/em><\/p>\n\n\n\n<figure class=\"wp-block-image size-large\"><img loading=\"lazy\" decoding=\"async\" width=\"1024\" height=\"683\" src=\"https:\/\/media1.jensgustafsson.se\/2025\/02\/DSC_0973-1024x683.jpg\" alt=\"\" class=\"wp-image-35025\" srcset=\"https:\/\/media1.jensgustafsson.se\/2025\/02\/DSC_0973-1024x683.jpg 1024w, https:\/\/media1.jensgustafsson.se\/2025\/02\/DSC_0973-300x200.jpg 300w, https:\/\/media1.jensgustafsson.se\/2025\/02\/DSC_0973-768x512.jpg 768w, https:\/\/media1.jensgustafsson.se\/2025\/02\/DSC_0973-1536x1024.jpg 1536w, https:\/\/media1.jensgustafsson.se\/2025\/02\/DSC_0973-2048x1365.jpg 2048w, https:\/\/media1.jensgustafsson.se\/2025\/02\/DSC_0973-450x300.jpg 450w\" sizes=\"auto, (max-width: 1024px) 100vw, 1024px\" \/><figcaption class=\"wp-element-caption\"><strong><em>Skogspromenad p\u00e5 f\u00f6rmiddagen idag.<\/em><\/strong><\/figcaption><\/figure>\n\n\n\n<figure class=\"wp-block-image size-large\"><img loading=\"lazy\" decoding=\"async\" width=\"1024\" height=\"683\" src=\"https:\/\/media1.jensgustafsson.se\/2025\/02\/DSC_0985-1-1024x683.jpg\" alt=\"\" class=\"wp-image-35027\" srcset=\"https:\/\/media1.jensgustafsson.se\/2025\/02\/DSC_0985-1-1024x683.jpg 1024w, https:\/\/media1.jensgustafsson.se\/2025\/02\/DSC_0985-1-300x200.jpg 300w, https:\/\/media1.jensgustafsson.se\/2025\/02\/DSC_0985-1-768x512.jpg 768w, https:\/\/media1.jensgustafsson.se\/2025\/02\/DSC_0985-1-1536x1024.jpg 1536w, https:\/\/media1.jensgustafsson.se\/2025\/02\/DSC_0985-1-2048x1365.jpg 2048w, https:\/\/media1.jensgustafsson.se\/2025\/02\/DSC_0985-1-450x300.jpg 450w\" sizes=\"auto, (max-width: 1024px) 100vw, 1024px\" \/><figcaption class=\"wp-element-caption\"><strong><em>S\u00e5h\u00e4r s\u00e5g det ut p\u00e5 Kyrkogatan vid lunchtid.<\/em><\/strong><\/figcaption><\/figure>\n\n\n\n<p class=\"has-medium-font-size\"><em>En sammanfattning fr\u00e5n min v\u00e4derstation, f\u00f6r de senaste 24 timmarna:<\/em><\/p>\n\n\n\n<p class=\"has-medium-font-size\"><strong>20250215 kl. 17.00<br \/>Min. temp: -6,2 \u00b0C<br \/>Max. temp: -0,8 \u00b0C<br \/>Min. lufttryck: 1017,7 hPa<br \/>Max. lufttryck: 1022,3 hPa<br \/>Min.luftfuktigh. 64 %<br \/>Max.luftfuktigh. 79 %<br \/>Domin. vindriktn.: V\u00e4stlig<br \/>Maxvind: 6 m\/s.<br \/>Nederb\u00f6rd: 2 mm<br \/>Meteorologisk \u00e5rstid: Vinter<br \/>Kalendarisk \u00e5rstid: Vinterm\u00e5nad 3 av 3<br \/>Sn\u00f6djup: Ca 2 cm<\/strong><\/p>\n\n\n\n<figure class=\"wp-block-image size-large\"><img loading=\"lazy\" decoding=\"async\" width=\"1024\" height=\"461\" src=\"https:\/\/media1.jensgustafsson.se\/2025\/02\/image-28-1024x461.png\" alt=\"\" class=\"wp-image-35032\" srcset=\"https:\/\/media1.jensgustafsson.se\/2025\/02\/image-28-1024x461.png 1024w, https:\/\/media1.jensgustafsson.se\/2025\/02\/image-28-300x135.png 300w, https:\/\/media1.jensgustafsson.se\/2025\/02\/image-28-768x346.png 768w, https:\/\/media1.jensgustafsson.se\/2025\/02\/image-28-1536x692.png 1536w, https:\/\/media1.jensgustafsson.se\/2025\/02\/image-28-500x225.png 500w, https:\/\/media1.jensgustafsson.se\/2025\/02\/image-28.png 1849w\" sizes=\"auto, (max-width: 1024px) 100vw, 1024px\" \/><figcaption class=\"wp-element-caption\"><strong><em>M\u00e5nadens medeltemperatur \u00e4r t.o.m. idag 0,3 grader kallare\u00a0 j\u00e4mf\u00f6rt mot den normala.<\/em><\/strong><\/figcaption><\/figure>\n\n\n\n<figure class=\"wp-block-image size-large\"><img loading=\"lazy\" decoding=\"async\" width=\"1024\" height=\"529\" src=\"https:\/\/media1.jensgustafsson.se\/2025\/02\/image-29-1024x529.png\" alt=\"\" class=\"wp-image-35033\" srcset=\"https:\/\/media1.jensgustafsson.se\/2025\/02\/image-29-1024x529.png 1024w, https:\/\/media1.jensgustafsson.se\/2025\/02\/image-29-300x155.png 300w, https:\/\/media1.jensgustafsson.se\/2025\/02\/image-29-768x397.png 768w, https:\/\/media1.jensgustafsson.se\/2025\/02\/image-29-500x258.png 500w, https:\/\/media1.jensgustafsson.se\/2025\/02\/image-29.png 1487w\" sizes=\"auto, (max-width: 1024px) 100vw, 1024px\" \/><figcaption class=\"wp-element-caption\"><strong><em>M\u00e5nadens nederb\u00f6rd \u00e4r t.o.m. idag 9 % av den normala.<\/em><\/strong><\/figcaption><\/figure>\n\n\n\n<p><\/p>\n","protected":false},"excerpt":{"rendered":"<p>Lite skiftande v\u00e4der idag. P\u00e5 morgonen var det molnigt. D\u00e4refter l\u00e4ttade molnt\u00e4cket under f\u00f6rmiddagen, och det blev n\u00e4stan klar himmel och sol ett tag. Molnen hopade sig fr\u00e5n v\u00e4ster efterhand, och resten av dagen har vi f\u00e5tt sn\u00f6byar, tidvis ganska &hellip; <a href=\"https:\/\/jensgustafsson.se\/?p=35023\">Forts\u00e4tt l\u00e4sa <span class=\"meta-nav\">&rarr;<\/span><\/a><\/p>\n","protected":false},"author":1,"featured_media":0,"comment_status":"closed","ping_status":"","sticky":false,"template":"","format":"standard","meta":{"footnotes":""},"categories":[10],"tags":[],"class_list":["post-35023","post","type-post","status-publish","format-standard","hentry","category-vaderdagbok-2013"],"_links":{"self":[{"href":"https:\/\/jensgustafsson.se\/index.php?rest_route=\/wp\/v2\/posts\/35023","targetHints":{"allow":["GET"]}}],"collection":[{"href":"https:\/\/jensgustafsson.se\/index.php?rest_route=\/wp\/v2\/posts"}],"about":[{"href":"https:\/\/jensgustafsson.se\/index.php?rest_route=\/wp\/v2\/types\/post"}],"author":[{"embeddable":true,"href":"https:\/\/jensgustafsson.se\/index.php?rest_route=\/wp\/v2\/users\/1"}],"replies":[{"embeddable":true,"href":"https:\/\/jensgustafsson.se\/index.php?rest_route=%2Fwp%2Fv2%2Fcomments&post=35023"}],"version-history":[{"count":6,"href":"https:\/\/jensgustafsson.se\/index.php?rest_route=\/wp\/v2\/posts\/35023\/revisions"}],"predecessor-version":[{"id":35034,"href":"https:\/\/jensgustafsson.se\/index.php?rest_route=\/wp\/v2\/posts\/35023\/revisions\/35034"}],"wp:attachment":[{"href":"https:\/\/jensgustafsson.se\/index.php?rest_route=%2Fwp%2Fv2%2Fmedia&parent=35023"}],"wp:term":[{"taxonomy":"category","embeddable":true,"href":"https:\/\/jensgustafsson.se\/index.php?rest_route=%2Fwp%2Fv2%2Fcategories&post=35023"},{"taxonomy":"post_tag","embeddable":true,"href":"https:\/\/jensgustafsson.se\/index.php?rest_route=%2Fwp%2Fv2%2Ftags&post=35023"}],"curies":[{"name":"wp","href":"https:\/\/api.w.org\/{rel}","templated":true}]}}