{"id":35035,"date":"2025-02-16T17:11:09","date_gmt":"2025-02-16T16:11:09","guid":{"rendered":"https:\/\/jensgustafsson.se\/?p=35035"},"modified":"2025-02-16T17:11:09","modified_gmt":"2025-02-16T16:11:09","slug":"sondag-16-februari-2025","status":"publish","type":"post","link":"https:\/\/jensgustafsson.se\/?p=35035","title":{"rendered":"S\u00f6ndag 16 februari 2025."},"content":{"rendered":"\n<p class=\"has-medium-font-size\"><em>En klar och kall natt, f\u00f6ljdes av en dag med sol fr\u00e5n en klarbl\u00e5 himmel, och inte ett enda moln p\u00e5 hela dagen.<\/em><\/p>\n\n\n\n<p class=\"has-medium-font-size\"><em>Fortsatt minusgrader hela dygnet (isdygn) Den l\u00e4gsta temperaturen blev -13,8 grader, och den h\u00f6gsta blev -2,6 grader.<\/em><\/p>\n\n\n\n<p class=\"has-medium-font-size\"><em>En svag till m\u00e5ttlig vind mellan nordv\u00e4st och v\u00e4st.<\/em><\/p>\n\n\n\n<figure class=\"wp-block-image size-large\"><img loading=\"lazy\" decoding=\"async\" width=\"1024\" height=\"683\" src=\"https:\/\/media1.jensgustafsson.se\/2025\/02\/DSC_1003-1024x683.jpg\" alt=\"\" class=\"wp-image-35036\" srcset=\"https:\/\/media1.jensgustafsson.se\/2025\/02\/DSC_1003-1024x683.jpg 1024w, https:\/\/media1.jensgustafsson.se\/2025\/02\/DSC_1003-300x200.jpg 300w, https:\/\/media1.jensgustafsson.se\/2025\/02\/DSC_1003-768x512.jpg 768w, https:\/\/media1.jensgustafsson.se\/2025\/02\/DSC_1003-1536x1024.jpg 1536w, https:\/\/media1.jensgustafsson.se\/2025\/02\/DSC_1003-2048x1365.jpg 2048w, https:\/\/media1.jensgustafsson.se\/2025\/02\/DSC_1003-450x300.jpg 450w\" sizes=\"auto, (max-width: 1024px) 100vw, 1024px\" \/><figcaption class=\"wp-element-caption\"><strong><em>N\u00f6t\u00e5n vid &#8221;Hytten&#8221; idag p\u00e5 f\u00f6rmiddagen.<\/em><\/strong><\/figcaption><\/figure>\n\n\n\n<p class=\"has-medium-font-size\"><em>En sammanfattning fr\u00e5n min v\u00e4derstation, f\u00f6r de senaste 24 timmarna:<\/em><\/p>\n\n\n\n<p class=\"has-medium-font-size\"><strong>20250216 kl. 17.00<br \/>Min. temp: -13,8 \u00b0C<br \/>Max. temp: -2,6 \u00b0C<br \/>Min. lufttryck: 1019,4 hPa<br \/>Max. lufttryck: 1023,4 hPa<br \/>Min.luftfuktigh. 53 %<br \/>Max.luftfuktigh. 79 %<br \/>Domin. vindriktn.: V\u00e4stlig<br \/>Maxvind: 7 m\/s.<br \/>Nederb\u00f6rd: 0 mm<br \/>Meteorologisk \u00e5rstid: Vinter<br \/>Kalendarisk \u00e5rstid: Vinterm\u00e5nad 3 av 3<br \/>Sn\u00f6djup: Ca 2 cm<\/strong><\/p>\n\n\n\n<figure class=\"wp-block-image size-large\"><img loading=\"lazy\" decoding=\"async\" width=\"1024\" height=\"461\" src=\"https:\/\/media1.jensgustafsson.se\/2025\/02\/image-30-1024x461.png\" alt=\"\" class=\"wp-image-35038\" srcset=\"https:\/\/media1.jensgustafsson.se\/2025\/02\/image-30-1024x461.png 1024w, https:\/\/media1.jensgustafsson.se\/2025\/02\/image-30-300x135.png 300w, https:\/\/media1.jensgustafsson.se\/2025\/02\/image-30-768x346.png 768w, https:\/\/media1.jensgustafsson.se\/2025\/02\/image-30-1536x692.png 1536w, https:\/\/media1.jensgustafsson.se\/2025\/02\/image-30-500x225.png 500w, https:\/\/media1.jensgustafsson.se\/2025\/02\/image-30.png 1849w\" sizes=\"auto, (max-width: 1024px) 100vw, 1024px\" \/><figcaption class=\"wp-element-caption\"><strong><em>M\u00e5nadens medeltemperatur \u00e4r t.o.m. idag 0,7 grader kallare\u00a0 j\u00e4mf\u00f6rt mot den normala.<\/em><\/strong><\/figcaption><\/figure>\n\n\n\n<figure class=\"wp-block-image size-large\"><img loading=\"lazy\" decoding=\"async\" width=\"1024\" height=\"529\" src=\"https:\/\/media1.jensgustafsson.se\/2025\/02\/image-31-1024x529.png\" alt=\"\" class=\"wp-image-35039\" srcset=\"https:\/\/media1.jensgustafsson.se\/2025\/02\/image-31-1024x529.png 1024w, https:\/\/media1.jensgustafsson.se\/2025\/02\/image-31-300x155.png 300w, https:\/\/media1.jensgustafsson.se\/2025\/02\/image-31-768x397.png 768w, https:\/\/media1.jensgustafsson.se\/2025\/02\/image-31-500x258.png 500w, https:\/\/media1.jensgustafsson.se\/2025\/02\/image-31.png 1487w\" sizes=\"auto, (max-width: 1024px) 100vw, 1024px\" \/><figcaption class=\"wp-element-caption\"><strong><em>M\u00e5nadens nederb\u00f6rd \u00e4r t.o.m. idag 9 % av den normala.<\/em><\/strong><\/figcaption><\/figure>\n","protected":false},"excerpt":{"rendered":"<p>En klar och kall natt, f\u00f6ljdes av en dag med sol fr\u00e5n en klarbl\u00e5 himmel, och inte ett enda moln p\u00e5 hela dagen. Fortsatt minusgrader hela dygnet (isdygn) Den l\u00e4gsta temperaturen blev -13,8 grader, och den h\u00f6gsta blev -2,6 grader. &hellip; <a href=\"https:\/\/jensgustafsson.se\/?p=35035\">Forts\u00e4tt l\u00e4sa <span class=\"meta-nav\">&rarr;<\/span><\/a><\/p>\n","protected":false},"author":1,"featured_media":0,"comment_status":"open","ping_status":"","sticky":false,"template":"","format":"standard","meta":{"footnotes":""},"categories":[10],"tags":[],"class_list":["post-35035","post","type-post","status-publish","format-standard","hentry","category-vaderdagbok-2013"],"_links":{"self":[{"href":"https:\/\/jensgustafsson.se\/index.php?rest_route=\/wp\/v2\/posts\/35035","targetHints":{"allow":["GET"]}}],"collection":[{"href":"https:\/\/jensgustafsson.se\/index.php?rest_route=\/wp\/v2\/posts"}],"about":[{"href":"https:\/\/jensgustafsson.se\/index.php?rest_route=\/wp\/v2\/types\/post"}],"author":[{"embeddable":true,"href":"https:\/\/jensgustafsson.se\/index.php?rest_route=\/wp\/v2\/users\/1"}],"replies":[{"embeddable":true,"href":"https:\/\/jensgustafsson.se\/index.php?rest_route=%2Fwp%2Fv2%2Fcomments&post=35035"}],"version-history":[{"count":2,"href":"https:\/\/jensgustafsson.se\/index.php?rest_route=\/wp\/v2\/posts\/35035\/revisions"}],"predecessor-version":[{"id":35040,"href":"https:\/\/jensgustafsson.se\/index.php?rest_route=\/wp\/v2\/posts\/35035\/revisions\/35040"}],"wp:attachment":[{"href":"https:\/\/jensgustafsson.se\/index.php?rest_route=%2Fwp%2Fv2%2Fmedia&parent=35035"}],"wp:term":[{"taxonomy":"category","embeddable":true,"href":"https:\/\/jensgustafsson.se\/index.php?rest_route=%2Fwp%2Fv2%2Fcategories&post=35035"},{"taxonomy":"post_tag","embeddable":true,"href":"https:\/\/jensgustafsson.se\/index.php?rest_route=%2Fwp%2Fv2%2Ftags&post=35035"}],"curies":[{"name":"wp","href":"https:\/\/api.w.org\/{rel}","templated":true}]}}