{"id":35041,"date":"2025-02-17T17:24:04","date_gmt":"2025-02-17T16:24:04","guid":{"rendered":"https:\/\/jensgustafsson.se\/?p=35041"},"modified":"2025-02-17T17:24:04","modified_gmt":"2025-02-17T16:24:04","slug":"mandag-17-februari-2025","status":"publish","type":"post","link":"https:\/\/jensgustafsson.se\/?p=35041","title":{"rendered":"M\u00e5ndag 17 februari 2025."},"content":{"rendered":"\n<p class=\"has-medium-font-size\"><em>En klar och kall natt igen, men inte fullt s\u00e5 kall som f\u00f6reg\u00e5ende. F\u00f6rmiddagen blev solig, men innan lunch b\u00f6rjade det dra upp moln, och under eftermiddagen har det varit v\u00e4xlande molnighet.<\/em><\/p>\n\n\n\n<p class=\"has-medium-font-size\"><em>Den l\u00e4gsta temperaturen blev -9,7 grader, och den h\u00f6gsta blev +0,8 grader.<\/em><\/p>\n\n\n\n<p class=\"has-medium-font-size\"><em>Vinden idag har varit svag till m\u00e5ttlig, och i huvudsak v\u00e4stlig.<\/em><\/p>\n\n\n\n<figure class=\"wp-block-image size-large\"><img loading=\"lazy\" decoding=\"async\" width=\"1024\" height=\"683\" src=\"https:\/\/media1.jensgustafsson.se\/2025\/02\/DSC_1006-1024x683.jpg\" alt=\"\" class=\"wp-image-35045\" srcset=\"https:\/\/media1.jensgustafsson.se\/2025\/02\/DSC_1006-1024x683.jpg 1024w, https:\/\/media1.jensgustafsson.se\/2025\/02\/DSC_1006-300x200.jpg 300w, https:\/\/media1.jensgustafsson.se\/2025\/02\/DSC_1006-768x512.jpg 768w, https:\/\/media1.jensgustafsson.se\/2025\/02\/DSC_1006-1536x1024.jpg 1536w, https:\/\/media1.jensgustafsson.se\/2025\/02\/DSC_1006-2048x1365.jpg 2048w, https:\/\/media1.jensgustafsson.se\/2025\/02\/DSC_1006-450x300.jpg 450w\" sizes=\"auto, (max-width: 1024px) 100vw, 1024px\" \/><figcaption class=\"wp-element-caption\"><strong><em>V\u00e4xlande molnighet i eftermiddag.<\/em><\/strong><\/figcaption><\/figure>\n\n\n\n<p class=\"has-medium-font-size\"><em>En sammanfattning fr\u00e5n min v\u00e4derstation, f\u00f6r de senaste 24 timmarna:<\/em><\/p>\n\n\n\n<p class=\"has-medium-font-size\"><strong>20250217 kl. 17.00<br \/>Min. temp: -9,7 \u00b0C<br \/>Max. temp: 0,8 \u00b0C<br \/>Min. lufttryck: 1016,8 hPa<br \/>Max. lufttryck: 1020,2 hPa<br \/>Min.luftfuktigh. 55 %<br \/>Max.luftfuktigh. 73 %<br \/>Domin. vindriktn.: V\u00e4stlig<br \/>Maxvind: 6 m\/s.<br \/>Nederb\u00f6rd: 0 mm<br \/>Meteorologisk \u00e5rstid: Vinter<br \/>Kalendarisk \u00e5rstid: Vinterm\u00e5nad 3 av 3<br \/>Sn\u00f6djup: Ca 2 cm<\/strong><\/p>\n\n\n\n<figure class=\"wp-block-image size-large\"><img loading=\"lazy\" decoding=\"async\" width=\"1024\" height=\"461\" src=\"https:\/\/media1.jensgustafsson.se\/2025\/02\/image-32-1024x461.png\" alt=\"\" class=\"wp-image-35047\" srcset=\"https:\/\/media1.jensgustafsson.se\/2025\/02\/image-32-1024x461.png 1024w, https:\/\/media1.jensgustafsson.se\/2025\/02\/image-32-300x135.png 300w, https:\/\/media1.jensgustafsson.se\/2025\/02\/image-32-768x346.png 768w, https:\/\/media1.jensgustafsson.se\/2025\/02\/image-32-1536x692.png 1536w, https:\/\/media1.jensgustafsson.se\/2025\/02\/image-32-500x225.png 500w, https:\/\/media1.jensgustafsson.se\/2025\/02\/image-32.png 1849w\" sizes=\"auto, (max-width: 1024px) 100vw, 1024px\" \/><figcaption class=\"wp-element-caption\"><strong><em>M\u00e5nadens medeltemperatur \u00e4r t.o.m. idag 0,9 grader kallare\u00a0 j\u00e4mf\u00f6rt mot den normala.<\/em><\/strong><\/figcaption><\/figure>\n\n\n\n<figure class=\"wp-block-image size-large\"><img loading=\"lazy\" decoding=\"async\" width=\"1024\" height=\"529\" src=\"https:\/\/media1.jensgustafsson.se\/2025\/02\/image-33-1024x529.png\" alt=\"\" class=\"wp-image-35048\" srcset=\"https:\/\/media1.jensgustafsson.se\/2025\/02\/image-33-1024x529.png 1024w, https:\/\/media1.jensgustafsson.se\/2025\/02\/image-33-300x155.png 300w, https:\/\/media1.jensgustafsson.se\/2025\/02\/image-33-768x397.png 768w, https:\/\/media1.jensgustafsson.se\/2025\/02\/image-33-500x258.png 500w, https:\/\/media1.jensgustafsson.se\/2025\/02\/image-33.png 1487w\" sizes=\"auto, (max-width: 1024px) 100vw, 1024px\" \/><figcaption class=\"wp-element-caption\"><strong><em>M\u00e5nadens nederb\u00f6rd \u00e4r t.o.m. idag 9 % av den normala.<\/em><\/strong><\/figcaption><\/figure>\n","protected":false},"excerpt":{"rendered":"<p>En klar och kall natt igen, men inte fullt s\u00e5 kall som f\u00f6reg\u00e5ende. F\u00f6rmiddagen blev solig, men innan lunch b\u00f6rjade det dra upp moln, och under eftermiddagen har det varit v\u00e4xlande molnighet. Den l\u00e4gsta temperaturen blev -9,7 grader, och den &hellip; <a href=\"https:\/\/jensgustafsson.se\/?p=35041\">Forts\u00e4tt l\u00e4sa <span class=\"meta-nav\">&rarr;<\/span><\/a><\/p>\n","protected":false},"author":1,"featured_media":0,"comment_status":"open","ping_status":"","sticky":false,"template":"","format":"standard","meta":{"footnotes":""},"categories":[10],"tags":[],"class_list":["post-35041","post","type-post","status-publish","format-standard","hentry","category-vaderdagbok-2013"],"_links":{"self":[{"href":"https:\/\/jensgustafsson.se\/index.php?rest_route=\/wp\/v2\/posts\/35041","targetHints":{"allow":["GET"]}}],"collection":[{"href":"https:\/\/jensgustafsson.se\/index.php?rest_route=\/wp\/v2\/posts"}],"about":[{"href":"https:\/\/jensgustafsson.se\/index.php?rest_route=\/wp\/v2\/types\/post"}],"author":[{"embeddable":true,"href":"https:\/\/jensgustafsson.se\/index.php?rest_route=\/wp\/v2\/users\/1"}],"replies":[{"embeddable":true,"href":"https:\/\/jensgustafsson.se\/index.php?rest_route=%2Fwp%2Fv2%2Fcomments&post=35041"}],"version-history":[{"count":5,"href":"https:\/\/jensgustafsson.se\/index.php?rest_route=\/wp\/v2\/posts\/35041\/revisions"}],"predecessor-version":[{"id":35050,"href":"https:\/\/jensgustafsson.se\/index.php?rest_route=\/wp\/v2\/posts\/35041\/revisions\/35050"}],"wp:attachment":[{"href":"https:\/\/jensgustafsson.se\/index.php?rest_route=%2Fwp%2Fv2%2Fmedia&parent=35041"}],"wp:term":[{"taxonomy":"category","embeddable":true,"href":"https:\/\/jensgustafsson.se\/index.php?rest_route=%2Fwp%2Fv2%2Fcategories&post=35041"},{"taxonomy":"post_tag","embeddable":true,"href":"https:\/\/jensgustafsson.se\/index.php?rest_route=%2Fwp%2Fv2%2Ftags&post=35041"}],"curies":[{"name":"wp","href":"https:\/\/api.w.org\/{rel}","templated":true}]}}