{"id":35051,"date":"2025-02-18T17:20:16","date_gmt":"2025-02-18T16:20:16","guid":{"rendered":"https:\/\/jensgustafsson.se\/?p=35051"},"modified":"2025-02-18T17:20:16","modified_gmt":"2025-02-18T16:20:16","slug":"tisdag-18-februari-2025","status":"publish","type":"post","link":"https:\/\/jensgustafsson.se\/?p=35051","title":{"rendered":"Tisdag 18 februari 2025."},"content":{"rendered":"\n<p class=\"has-medium-font-size\"><em>P\u00e5 morgonen var det lite l\u00e4tta moln innan soluppg\u00e5ngen, men de drog bort ganska snabbt. Molnfri himmel, och en s\u00e5 sm\u00e5tt v\u00e4rmande sol under f\u00f6rmiddagen, och eftermiddagen. N\u00e5gra l\u00e4tta molntussar under senare delen av eftermiddagen.<\/em><\/p>\n\n\n\n<p class=\"has-medium-font-size\"><em>En kall natt igen med en minimumtemperatur p\u00e5 -9,5 grader. P\u00e5 dagen har temperaturen orkat upp till +3,2 grader som h\u00f6gst idag.<\/em><\/p>\n\n\n\n<p class=\"has-medium-font-size\"><em>Vinden har varit svag till m\u00e5ttlig, och pendlat lite mellan sydv\u00e4st-v\u00e4st-nordv\u00e4st.<\/em><\/p>\n\n\n\n<figure class=\"wp-block-image size-large\"><img loading=\"lazy\" decoding=\"async\" width=\"1024\" height=\"683\" src=\"https:\/\/media1.jensgustafsson.se\/2025\/02\/DSC_1017-1024x683.jpg\" alt=\"\" class=\"wp-image-35053\" srcset=\"https:\/\/media1.jensgustafsson.se\/2025\/02\/DSC_1017-1024x683.jpg 1024w, https:\/\/media1.jensgustafsson.se\/2025\/02\/DSC_1017-300x200.jpg 300w, https:\/\/media1.jensgustafsson.se\/2025\/02\/DSC_1017-768x512.jpg 768w, https:\/\/media1.jensgustafsson.se\/2025\/02\/DSC_1017-1536x1024.jpg 1536w, https:\/\/media1.jensgustafsson.se\/2025\/02\/DSC_1017-2048x1365.jpg 2048w, https:\/\/media1.jensgustafsson.se\/2025\/02\/DSC_1017-450x300.jpg 450w\" sizes=\"auto, (max-width: 1024px) 100vw, 1024px\" \/><figcaption class=\"wp-element-caption\"><strong><em>N\u00f6t\u00e5n vid Vecklevad p\u00e5 f\u00f6rmiddagen idag.<\/em><\/strong><\/figcaption><\/figure>\n\n\n\n<p class=\"has-medium-font-size\"><em>En sammanfattning fr\u00e5n min v\u00e4derstation, f\u00f6r de senaste 24 timmarna:<\/em><\/p>\n\n\n\n<p class=\"has-medium-font-size\"><strong>20250218 kl. 17.00<br \/>Min. temp: -9,5 \u00b0C<br \/>Max. temp: 3,2 \u00b0C<br \/>Min. lufttryck: 1017,8 hPa<br \/>Max. lufttryck: 1021,2 hPa<br \/>Min.luftfuktigh. 55 %<br \/>Max.luftfuktigh. 79 %<br \/>Domin. vindriktn.: Nordv\u00e4stlig<br \/>Maxvind: 7 m\/s.<br \/>Nederb\u00f6rd: 0 mm<br \/>Meteorologisk \u00e5rstid: Vinter<br \/>Kalendarisk \u00e5rstid: Vinterm\u00e5nad 3 av 3<br \/>Sn\u00f6djup: Fl\u00e4ckvis n\u00e5gon centimeter, men inget sammanh\u00e4ngande sn\u00f6t\u00e4cke.<\/strong><\/p>\n\n\n\n<figure class=\"wp-block-image size-large\"><img loading=\"lazy\" decoding=\"async\" width=\"1024\" height=\"461\" src=\"https:\/\/media1.jensgustafsson.se\/2025\/02\/image-34-1024x461.png\" alt=\"\" class=\"wp-image-35055\" srcset=\"https:\/\/media1.jensgustafsson.se\/2025\/02\/image-34-1024x461.png 1024w, https:\/\/media1.jensgustafsson.se\/2025\/02\/image-34-300x135.png 300w, https:\/\/media1.jensgustafsson.se\/2025\/02\/image-34-768x346.png 768w, https:\/\/media1.jensgustafsson.se\/2025\/02\/image-34-1536x692.png 1536w, https:\/\/media1.jensgustafsson.se\/2025\/02\/image-34-500x225.png 500w, https:\/\/media1.jensgustafsson.se\/2025\/02\/image-34.png 1849w\" sizes=\"auto, (max-width: 1024px) 100vw, 1024px\" \/><figcaption class=\"wp-element-caption\"><strong><em>M\u00e5nadens medeltemperatur \u00e4r t.o.m. idag 1 grad kallare\u00a0 j\u00e4mf\u00f6rt mot den normala.<\/em><\/strong><\/figcaption><\/figure>\n\n\n\n<figure class=\"wp-block-image size-large\"><img loading=\"lazy\" decoding=\"async\" width=\"1024\" height=\"529\" src=\"https:\/\/media1.jensgustafsson.se\/2025\/02\/image-35-1024x529.png\" alt=\"\" class=\"wp-image-35056\" srcset=\"https:\/\/media1.jensgustafsson.se\/2025\/02\/image-35-1024x529.png 1024w, https:\/\/media1.jensgustafsson.se\/2025\/02\/image-35-300x155.png 300w, https:\/\/media1.jensgustafsson.se\/2025\/02\/image-35-768x397.png 768w, https:\/\/media1.jensgustafsson.se\/2025\/02\/image-35-500x258.png 500w, https:\/\/media1.jensgustafsson.se\/2025\/02\/image-35.png 1487w\" sizes=\"auto, (max-width: 1024px) 100vw, 1024px\" \/><figcaption class=\"wp-element-caption\"><strong><em>M\u00e5nadens nederb\u00f6rd \u00e4r t.o.m. idag 9 % av den normala.<\/em><\/strong><\/figcaption><\/figure>\n","protected":false},"excerpt":{"rendered":"<p>P\u00e5 morgonen var det lite l\u00e4tta moln innan soluppg\u00e5ngen, men de drog bort ganska snabbt. Molnfri himmel, och en s\u00e5 sm\u00e5tt v\u00e4rmande sol under f\u00f6rmiddagen, och eftermiddagen. N\u00e5gra l\u00e4tta molntussar under senare delen av eftermiddagen. En kall natt igen med &hellip; <a href=\"https:\/\/jensgustafsson.se\/?p=35051\">Forts\u00e4tt l\u00e4sa <span class=\"meta-nav\">&rarr;<\/span><\/a><\/p>\n","protected":false},"author":1,"featured_media":0,"comment_status":"closed","ping_status":"","sticky":false,"template":"","format":"standard","meta":{"footnotes":""},"categories":[10],"tags":[],"class_list":["post-35051","post","type-post","status-publish","format-standard","hentry","category-vaderdagbok-2013"],"_links":{"self":[{"href":"https:\/\/jensgustafsson.se\/index.php?rest_route=\/wp\/v2\/posts\/35051","targetHints":{"allow":["GET"]}}],"collection":[{"href":"https:\/\/jensgustafsson.se\/index.php?rest_route=\/wp\/v2\/posts"}],"about":[{"href":"https:\/\/jensgustafsson.se\/index.php?rest_route=\/wp\/v2\/types\/post"}],"author":[{"embeddable":true,"href":"https:\/\/jensgustafsson.se\/index.php?rest_route=\/wp\/v2\/users\/1"}],"replies":[{"embeddable":true,"href":"https:\/\/jensgustafsson.se\/index.php?rest_route=%2Fwp%2Fv2%2Fcomments&post=35051"}],"version-history":[{"count":3,"href":"https:\/\/jensgustafsson.se\/index.php?rest_route=\/wp\/v2\/posts\/35051\/revisions"}],"predecessor-version":[{"id":35057,"href":"https:\/\/jensgustafsson.se\/index.php?rest_route=\/wp\/v2\/posts\/35051\/revisions\/35057"}],"wp:attachment":[{"href":"https:\/\/jensgustafsson.se\/index.php?rest_route=%2Fwp%2Fv2%2Fmedia&parent=35051"}],"wp:term":[{"taxonomy":"category","embeddable":true,"href":"https:\/\/jensgustafsson.se\/index.php?rest_route=%2Fwp%2Fv2%2Fcategories&post=35051"},{"taxonomy":"post_tag","embeddable":true,"href":"https:\/\/jensgustafsson.se\/index.php?rest_route=%2Fwp%2Fv2%2Ftags&post=35051"}],"curies":[{"name":"wp","href":"https:\/\/api.w.org\/{rel}","templated":true}]}}