{"id":35058,"date":"2025-02-19T16:52:45","date_gmt":"2025-02-19T15:52:45","guid":{"rendered":"https:\/\/jensgustafsson.se\/?p=35058"},"modified":"2025-02-19T16:52:45","modified_gmt":"2025-02-19T15:52:45","slug":"onsdag-19-februari-2025","status":"publish","type":"post","link":"https:\/\/jensgustafsson.se\/?p=35058","title":{"rendered":"Onsdag 19 februari 2025."},"content":{"rendered":"\n<p class=\"has-medium-font-size\"><em>En klar och kall natt igen. En fin dag med sol fr\u00e5n morgon till kv\u00e4ll, och med solens hj\u00e4lp, s\u00e5 blev det dagsmeja.<\/em><\/p>\n\n\n\n<p class=\"has-medium-font-size\"><em>Den l\u00e4gsta temperaturen blev -11,3 grader, och den h\u00f6gsta blev +3,3 grader.<\/em><\/p>\n\n\n\n<p class=\"has-medium-font-size\"><em>Vinden har varit v\u00e4stlig, och bara svag i styrka.<\/em><\/p>\n\n\n\n<figure class=\"wp-block-image size-large\"><img loading=\"lazy\" decoding=\"async\" width=\"1024\" height=\"763\" src=\"https:\/\/media1.jensgustafsson.se\/2025\/02\/19-feb-2025-2-1024x763.jpg\" alt=\"\" class=\"wp-image-35063\" srcset=\"https:\/\/media1.jensgustafsson.se\/2025\/02\/19-feb-2025-2-1024x763.jpg 1024w, https:\/\/media1.jensgustafsson.se\/2025\/02\/19-feb-2025-2-300x224.jpg 300w, https:\/\/media1.jensgustafsson.se\/2025\/02\/19-feb-2025-2-768x572.jpg 768w, https:\/\/media1.jensgustafsson.se\/2025\/02\/19-feb-2025-2-1536x1145.jpg 1536w, https:\/\/media1.jensgustafsson.se\/2025\/02\/19-feb-2025-2-402x300.jpg 402w, https:\/\/media1.jensgustafsson.se\/2025\/02\/19-feb-2025-2.jpg 1795w\" sizes=\"auto, (max-width: 1024px) 100vw, 1024px\" \/><figcaption class=\"wp-element-caption\"><strong><em>Vid Klobosj\u00f6n p\u00e5 f\u00f6rmiddagen.<\/em><\/strong><\/figcaption><\/figure>\n\n\n\n<p class=\"has-medium-font-size\"><em>En sammanfattning fr\u00e5n min v\u00e4derstation, f\u00f6r de senaste 24 timmarna:<\/em><\/p>\n\n\n\n<p class=\"has-medium-font-size\"><strong>20250219 kl. 17.00<br \/>Min. temp: -11,3 \u00b0C<br \/>Max. temp: 3,3 \u00b0C<br \/>Min. lufttryck: 1020,9 hPa<br \/>Max. lufttryck: 1027,8 hPa<br \/>Min.luftfuktigh. 47 %<br \/>Max.luftfuktigh. 78 %<br \/>Domin. vindriktn.: V\u00e4stlig.<br \/>Maxvind: 5 m\/s.<br \/>Nederb\u00f6rd: 0 mm<br \/>Meteorologisk \u00e5rstid: Vinter<br \/>Kalendarisk \u00e5rstid: Vinterm\u00e5nad 3 av 3<br \/>Sn\u00f6djup: Fl\u00e4ckvis lite sn\u00f6, inte m\u00e4tbart.<\/strong><\/p>\n\n\n\n<figure class=\"wp-block-image size-large\"><img loading=\"lazy\" decoding=\"async\" width=\"1024\" height=\"461\" src=\"https:\/\/media1.jensgustafsson.se\/2025\/02\/image-36-1024x461.png\" alt=\"\" class=\"wp-image-35059\" srcset=\"https:\/\/media1.jensgustafsson.se\/2025\/02\/image-36-1024x461.png 1024w, https:\/\/media1.jensgustafsson.se\/2025\/02\/image-36-300x135.png 300w, https:\/\/media1.jensgustafsson.se\/2025\/02\/image-36-768x346.png 768w, https:\/\/media1.jensgustafsson.se\/2025\/02\/image-36-1536x692.png 1536w, https:\/\/media1.jensgustafsson.se\/2025\/02\/image-36-500x225.png 500w, https:\/\/media1.jensgustafsson.se\/2025\/02\/image-36.png 1849w\" sizes=\"auto, (max-width: 1024px) 100vw, 1024px\" \/><figcaption class=\"wp-element-caption\"><strong><em>M\u00e5nadens medeltemperatur \u00e4r t.o.m. idag 1,1 grader kallare&nbsp; j\u00e4mf\u00f6rt mot den normala.<\/em><\/strong><\/figcaption><\/figure>\n\n\n\n<figure class=\"wp-block-image size-large\"><img loading=\"lazy\" decoding=\"async\" width=\"1024\" height=\"529\" src=\"https:\/\/media1.jensgustafsson.se\/2025\/02\/image-37-1024x529.png\" alt=\"\" class=\"wp-image-35060\" srcset=\"https:\/\/media1.jensgustafsson.se\/2025\/02\/image-37-1024x529.png 1024w, https:\/\/media1.jensgustafsson.se\/2025\/02\/image-37-300x155.png 300w, https:\/\/media1.jensgustafsson.se\/2025\/02\/image-37-768x397.png 768w, https:\/\/media1.jensgustafsson.se\/2025\/02\/image-37-500x258.png 500w, https:\/\/media1.jensgustafsson.se\/2025\/02\/image-37.png 1487w\" sizes=\"auto, (max-width: 1024px) 100vw, 1024px\" \/><figcaption class=\"wp-element-caption\"><strong><em>M\u00e5nadens nederb\u00f6rd \u00e4r t.o.m. idag 9 % av den normala.<\/em><\/strong><\/figcaption><\/figure>\n\n\n\n<p><\/p>\n","protected":false},"excerpt":{"rendered":"<p>En klar och kall natt igen. En fin dag med sol fr\u00e5n morgon till kv\u00e4ll, och med solens hj\u00e4lp, s\u00e5 blev det dagsmeja. Den l\u00e4gsta temperaturen blev -11,3 grader, och den h\u00f6gsta blev +3,3 grader. Vinden har varit v\u00e4stlig, och &hellip; <a href=\"https:\/\/jensgustafsson.se\/?p=35058\">Forts\u00e4tt l\u00e4sa <span class=\"meta-nav\">&rarr;<\/span><\/a><\/p>\n","protected":false},"author":1,"featured_media":0,"comment_status":"closed","ping_status":"","sticky":false,"template":"","format":"standard","meta":{"footnotes":""},"categories":[10],"tags":[],"class_list":["post-35058","post","type-post","status-publish","format-standard","hentry","category-vaderdagbok-2013"],"_links":{"self":[{"href":"https:\/\/jensgustafsson.se\/index.php?rest_route=\/wp\/v2\/posts\/35058","targetHints":{"allow":["GET"]}}],"collection":[{"href":"https:\/\/jensgustafsson.se\/index.php?rest_route=\/wp\/v2\/posts"}],"about":[{"href":"https:\/\/jensgustafsson.se\/index.php?rest_route=\/wp\/v2\/types\/post"}],"author":[{"embeddable":true,"href":"https:\/\/jensgustafsson.se\/index.php?rest_route=\/wp\/v2\/users\/1"}],"replies":[{"embeddable":true,"href":"https:\/\/jensgustafsson.se\/index.php?rest_route=%2Fwp%2Fv2%2Fcomments&post=35058"}],"version-history":[{"count":3,"href":"https:\/\/jensgustafsson.se\/index.php?rest_route=\/wp\/v2\/posts\/35058\/revisions"}],"predecessor-version":[{"id":35064,"href":"https:\/\/jensgustafsson.se\/index.php?rest_route=\/wp\/v2\/posts\/35058\/revisions\/35064"}],"wp:attachment":[{"href":"https:\/\/jensgustafsson.se\/index.php?rest_route=%2Fwp%2Fv2%2Fmedia&parent=35058"}],"wp:term":[{"taxonomy":"category","embeddable":true,"href":"https:\/\/jensgustafsson.se\/index.php?rest_route=%2Fwp%2Fv2%2Fcategories&post=35058"},{"taxonomy":"post_tag","embeddable":true,"href":"https:\/\/jensgustafsson.se\/index.php?rest_route=%2Fwp%2Fv2%2Ftags&post=35058"}],"curies":[{"name":"wp","href":"https:\/\/api.w.org\/{rel}","templated":true}]}}