{"id":35065,"date":"2025-02-20T18:12:02","date_gmt":"2025-02-20T17:12:02","guid":{"rendered":"https:\/\/jensgustafsson.se\/?p=35065"},"modified":"2025-02-20T18:14:37","modified_gmt":"2025-02-20T17:14:37","slug":"torsdag-20-februari-2025","status":"publish","type":"post","link":"https:\/\/jensgustafsson.se\/?p=35065","title":{"rendered":"Torsdag 20 februari 2025."},"content":{"rendered":"\n<p class=\"has-medium-font-size\"><em>\u00c4nnu en klar och kall natt. Helt klar himmel vid soluppg\u00e5ngen, men fram p\u00e5 f\u00f6rmiddagen drog det upp dimmoln snabbt. Efter n\u00e5gon timma l\u00e4ttade dimmolnen, och d\u00e4refter har det varit solsken resten av dagen.<\/em><\/p>\n\n\n\n<p class=\"has-medium-font-size\"><em>Den l\u00e4gsta temperaturen blev -12,4 grader, och den h\u00f6gsta blev +2,4 grader.<\/em><\/p>\n\n\n\n<p class=\"has-medium-font-size\"><em>Vinden svag till m\u00e5ttlig, sydostlig. Nu under senare delen av eftermiddagen vrider den mot syd.<\/em><\/p>\n\n\n\n<figure class=\"wp-block-image size-large\"><img loading=\"lazy\" decoding=\"async\" width=\"1024\" height=\"683\" src=\"https:\/\/media1.jensgustafsson.se\/2025\/02\/DSC_1044-1024x683.jpg\" alt=\"\" class=\"wp-image-35069\" srcset=\"https:\/\/media1.jensgustafsson.se\/2025\/02\/DSC_1044-1024x683.jpg 1024w, https:\/\/media1.jensgustafsson.se\/2025\/02\/DSC_1044-300x200.jpg 300w, https:\/\/media1.jensgustafsson.se\/2025\/02\/DSC_1044-768x512.jpg 768w, https:\/\/media1.jensgustafsson.se\/2025\/02\/DSC_1044-1536x1024.jpg 1536w, https:\/\/media1.jensgustafsson.se\/2025\/02\/DSC_1044-2048x1365.jpg 2048w, https:\/\/media1.jensgustafsson.se\/2025\/02\/DSC_1044-450x300.jpg 450w\" sizes=\"auto, (max-width: 1024px) 100vw, 1024px\" \/><figcaption class=\"wp-element-caption\"><strong><em>Vid Svindla kvarn i eftermiddag.<\/em><\/strong><\/figcaption><\/figure>\n\n\n\n<p class=\"has-medium-font-size\"><em>En sammanfattning fr\u00e5n min v\u00e4derstation, f\u00f6r de senaste 24 timmarna:<\/em><\/p>\n\n\n\n<p class=\"has-medium-font-size\"><strong>20250220 kl. 17.00<br \/>Min. temp: -12,4 \u00b0C<br \/>Max. temp: 2,4 \u00b0C<br \/>Min. lufttryck: 1024,9 hPa<br \/>Max. lufttryck: 1028 hPa<br \/>Min.luftfuktigh. 53 %<br \/>Max.luftfuktigh. 82 %<br \/>Domin. vindriktn.: Sydostlig<br \/>Maxvind: 6 m\/s.<br \/>Nederb\u00f6rd: 0 mm<br \/>Meteorologisk \u00e5rstid: Vinter<br \/>Kalendarisk \u00e5rstid: Vinterm\u00e5nad 3 av 3<br \/>Sn\u00f6djup: Fl\u00e4ckvis lite sn\u00f6, inte m\u00e4tbart<\/strong>.<\/p>\n\n\n\n<p class=\"has-medium-font-size\"><\/p>\n\n\n\n<figure class=\"wp-block-image size-large\"><img loading=\"lazy\" decoding=\"async\" width=\"1024\" height=\"461\" src=\"https:\/\/media1.jensgustafsson.se\/2025\/02\/image-38-1024x461.png\" alt=\"\" class=\"wp-image-35066\" srcset=\"https:\/\/media1.jensgustafsson.se\/2025\/02\/image-38-1024x461.png 1024w, https:\/\/media1.jensgustafsson.se\/2025\/02\/image-38-300x135.png 300w, https:\/\/media1.jensgustafsson.se\/2025\/02\/image-38-768x346.png 768w, https:\/\/media1.jensgustafsson.se\/2025\/02\/image-38-1536x692.png 1536w, https:\/\/media1.jensgustafsson.se\/2025\/02\/image-38-500x225.png 500w, https:\/\/media1.jensgustafsson.se\/2025\/02\/image-38.png 1849w\" sizes=\"auto, (max-width: 1024px) 100vw, 1024px\" \/><figcaption class=\"wp-element-caption\"><strong><em>M\u00e5nadens medeltemperatur \u00e4r t.o.m. idag 1,3 grader kallare&nbsp; j\u00e4mf\u00f6rt mot den normala.<\/em><\/strong><\/figcaption><\/figure>\n\n\n\n<figure class=\"wp-block-image size-large\"><img loading=\"lazy\" decoding=\"async\" width=\"1024\" height=\"529\" src=\"https:\/\/media1.jensgustafsson.se\/2025\/02\/image-39-1024x529.png\" alt=\"\" class=\"wp-image-35067\" srcset=\"https:\/\/media1.jensgustafsson.se\/2025\/02\/image-39-1024x529.png 1024w, https:\/\/media1.jensgustafsson.se\/2025\/02\/image-39-300x155.png 300w, https:\/\/media1.jensgustafsson.se\/2025\/02\/image-39-768x397.png 768w, https:\/\/media1.jensgustafsson.se\/2025\/02\/image-39-500x258.png 500w, https:\/\/media1.jensgustafsson.se\/2025\/02\/image-39.png 1487w\" sizes=\"auto, (max-width: 1024px) 100vw, 1024px\" \/><figcaption class=\"wp-element-caption\"><strong><em>M\u00e5nadens nederb\u00f6rd \u00e4r t.o.m. idag 9 % av den normala.<\/em><\/strong><\/figcaption><\/figure>\n","protected":false},"excerpt":{"rendered":"<p>\u00c4nnu en klar och kall natt. Helt klar himmel vid soluppg\u00e5ngen, men fram p\u00e5 f\u00f6rmiddagen drog det upp dimmoln snabbt. Efter n\u00e5gon timma l\u00e4ttade dimmolnen, och d\u00e4refter har det varit solsken resten av dagen. Den l\u00e4gsta temperaturen blev -12,4 grader, &hellip; <a href=\"https:\/\/jensgustafsson.se\/?p=35065\">Forts\u00e4tt l\u00e4sa <span class=\"meta-nav\">&rarr;<\/span><\/a><\/p>\n","protected":false},"author":1,"featured_media":0,"comment_status":"open","ping_status":"","sticky":false,"template":"","format":"standard","meta":{"footnotes":""},"categories":[10],"tags":[],"class_list":["post-35065","post","type-post","status-publish","format-standard","hentry","category-vaderdagbok-2013"],"_links":{"self":[{"href":"https:\/\/jensgustafsson.se\/index.php?rest_route=\/wp\/v2\/posts\/35065","targetHints":{"allow":["GET"]}}],"collection":[{"href":"https:\/\/jensgustafsson.se\/index.php?rest_route=\/wp\/v2\/posts"}],"about":[{"href":"https:\/\/jensgustafsson.se\/index.php?rest_route=\/wp\/v2\/types\/post"}],"author":[{"embeddable":true,"href":"https:\/\/jensgustafsson.se\/index.php?rest_route=\/wp\/v2\/users\/1"}],"replies":[{"embeddable":true,"href":"https:\/\/jensgustafsson.se\/index.php?rest_route=%2Fwp%2Fv2%2Fcomments&post=35065"}],"version-history":[{"count":5,"href":"https:\/\/jensgustafsson.se\/index.php?rest_route=\/wp\/v2\/posts\/35065\/revisions"}],"predecessor-version":[{"id":35072,"href":"https:\/\/jensgustafsson.se\/index.php?rest_route=\/wp\/v2\/posts\/35065\/revisions\/35072"}],"wp:attachment":[{"href":"https:\/\/jensgustafsson.se\/index.php?rest_route=%2Fwp%2Fv2%2Fmedia&parent=35065"}],"wp:term":[{"taxonomy":"category","embeddable":true,"href":"https:\/\/jensgustafsson.se\/index.php?rest_route=%2Fwp%2Fv2%2Fcategories&post=35065"},{"taxonomy":"post_tag","embeddable":true,"href":"https:\/\/jensgustafsson.se\/index.php?rest_route=%2Fwp%2Fv2%2Ftags&post=35065"}],"curies":[{"name":"wp","href":"https:\/\/api.w.org\/{rel}","templated":true}]}}