{"id":35074,"date":"2025-02-21T16:55:34","date_gmt":"2025-02-21T15:55:34","guid":{"rendered":"https:\/\/jensgustafsson.se\/?p=35074"},"modified":"2025-02-21T16:55:34","modified_gmt":"2025-02-21T15:55:34","slug":"fredag-21-februari-2025","status":"publish","type":"post","link":"https:\/\/jensgustafsson.se\/?p=35074","title":{"rendered":"Fredag 21 februari 2025."},"content":{"rendered":"\n<p class=\"has-medium-font-size\"><em>Idag har vi haft en dag med mulet och gr\u00e5tt v\u00e4der. P\u00e5 morgonen regnade det ordentligt en stund, samtidigt som det var minusgrader. Det bildades en tjock isbark, och p\u00e5 v\u00e4garna blev det blixthalka. Temperaturen har sakta g\u00e5tt upp\u00e5t under dagen, s\u00e5 det mesta av isbarken \u00e4r borta nu.<\/em><\/p>\n\n\n\n<p class=\"has-medium-font-size\"><em>Den l\u00e4gsta temperaturen i natt blev -3,6 grader, och den h\u00f6gsta dagstemperaturen blev +2,6 grader. <\/em><\/p>\n\n\n\n<p class=\"has-medium-font-size\"><em>Vinden har varit svag, och \u00f6verv\u00e4gande sydlig idag.<\/em><\/p>\n\n\n\n<figure class=\"wp-block-image size-large\"><img loading=\"lazy\" decoding=\"async\" width=\"1024\" height=\"682\" src=\"https:\/\/media1.jensgustafsson.se\/2025\/02\/DSC_1107-1024x682.jpg\" alt=\"\" class=\"wp-image-35075\" srcset=\"https:\/\/media1.jensgustafsson.se\/2025\/02\/DSC_1107-1024x682.jpg 1024w, https:\/\/media1.jensgustafsson.se\/2025\/02\/DSC_1107-300x200.jpg 300w, https:\/\/media1.jensgustafsson.se\/2025\/02\/DSC_1107-768x512.jpg 768w, https:\/\/media1.jensgustafsson.se\/2025\/02\/DSC_1107-1536x1024.jpg 1536w, https:\/\/media1.jensgustafsson.se\/2025\/02\/DSC_1107-2048x1365.jpg 2048w, https:\/\/media1.jensgustafsson.se\/2025\/02\/DSC_1107-450x300.jpg 450w\" sizes=\"auto, (max-width: 1024px) 100vw, 1024px\" \/><figcaption class=\"wp-element-caption\"><strong><em>Mulet och gr\u00e5tt vid \u00d6vrasj\u00f6badet i eftermiddag.<\/em><\/strong><\/figcaption><\/figure>\n\n\n\n<p class=\"has-medium-font-size\"><em>En sammanfattning fr\u00e5n min v\u00e4derstation, f\u00f6r de senaste 24 timmarna:<\/em><\/p>\n\n\n\n<p class=\"has-medium-font-size\"><strong>20250221 kl. 17.00<br \/>Min. temp: -3,6 \u00b0C<br \/>Max. temp: 2,6 \u00b0C<br \/>Min. lufttryck: 1018,2 hPa<br \/>Max. lufttryck: 1025,4 hPa<br \/>Min.luftfuktigh. 57 %<br \/>Max.luftfuktigh. 84 %<br \/>Domin. vindriktn.: Sydlig<br \/>Maxvind: 5 m\/s.<br \/>Nederb\u00f6rd: 2 mm<br \/>Meteorologisk \u00e5rstid: Vinter<br \/>Kalendarisk \u00e5rstid: Vinterm\u00e5nad 3 av 3<br \/>Sn\u00f6djup: Enstaka sn\u00f6fl\u00e4ckar, ej m\u00e4tbart.<\/strong><\/p>\n\n\n\n<figure class=\"wp-block-image size-large\"><img loading=\"lazy\" decoding=\"async\" width=\"1024\" height=\"461\" src=\"https:\/\/media1.jensgustafsson.se\/2025\/02\/image-40-1024x461.png\" alt=\"\" class=\"wp-image-35077\" srcset=\"https:\/\/media1.jensgustafsson.se\/2025\/02\/image-40-1024x461.png 1024w, https:\/\/media1.jensgustafsson.se\/2025\/02\/image-40-300x135.png 300w, https:\/\/media1.jensgustafsson.se\/2025\/02\/image-40-768x346.png 768w, https:\/\/media1.jensgustafsson.se\/2025\/02\/image-40-1536x692.png 1536w, https:\/\/media1.jensgustafsson.se\/2025\/02\/image-40-500x225.png 500w, https:\/\/media1.jensgustafsson.se\/2025\/02\/image-40.png 1849w\" sizes=\"auto, (max-width: 1024px) 100vw, 1024px\" \/><figcaption class=\"wp-element-caption\"><strong><em>M\u00e5nadens medeltemperatur \u00e4r t.o.m. idag 1,2 grader kallare\u00a0 j\u00e4mf\u00f6rt mot den normala.<\/em><\/strong><\/figcaption><\/figure>\n\n\n\n<figure class=\"wp-block-image size-large\"><img loading=\"lazy\" decoding=\"async\" width=\"1024\" height=\"529\" src=\"https:\/\/media1.jensgustafsson.se\/2025\/02\/image-41-1024x529.png\" alt=\"\" class=\"wp-image-35078\" srcset=\"https:\/\/media1.jensgustafsson.se\/2025\/02\/image-41-1024x529.png 1024w, https:\/\/media1.jensgustafsson.se\/2025\/02\/image-41-300x155.png 300w, https:\/\/media1.jensgustafsson.se\/2025\/02\/image-41-768x397.png 768w, https:\/\/media1.jensgustafsson.se\/2025\/02\/image-41-500x258.png 500w, https:\/\/media1.jensgustafsson.se\/2025\/02\/image-41.png 1487w\" sizes=\"auto, (max-width: 1024px) 100vw, 1024px\" \/><figcaption class=\"wp-element-caption\"><strong><em>M\u00e5nadens nederb\u00f6rd \u00e4r t.o.m. idag 15 % av den normala.<\/em><\/strong><\/figcaption><\/figure>\n","protected":false},"excerpt":{"rendered":"<p>Idag har vi haft en dag med mulet och gr\u00e5tt v\u00e4der. P\u00e5 morgonen regnade det ordentligt en stund, samtidigt som det var minusgrader. Det bildades en tjock isbark, och p\u00e5 v\u00e4garna blev det blixthalka. Temperaturen har sakta g\u00e5tt upp\u00e5t under &hellip; <a href=\"https:\/\/jensgustafsson.se\/?p=35074\">Forts\u00e4tt l\u00e4sa <span class=\"meta-nav\">&rarr;<\/span><\/a><\/p>\n","protected":false},"author":1,"featured_media":0,"comment_status":"closed","ping_status":"","sticky":false,"template":"","format":"standard","meta":{"footnotes":""},"categories":[10],"tags":[],"class_list":["post-35074","post","type-post","status-publish","format-standard","hentry","category-vaderdagbok-2013"],"_links":{"self":[{"href":"https:\/\/jensgustafsson.se\/index.php?rest_route=\/wp\/v2\/posts\/35074","targetHints":{"allow":["GET"]}}],"collection":[{"href":"https:\/\/jensgustafsson.se\/index.php?rest_route=\/wp\/v2\/posts"}],"about":[{"href":"https:\/\/jensgustafsson.se\/index.php?rest_route=\/wp\/v2\/types\/post"}],"author":[{"embeddable":true,"href":"https:\/\/jensgustafsson.se\/index.php?rest_route=\/wp\/v2\/users\/1"}],"replies":[{"embeddable":true,"href":"https:\/\/jensgustafsson.se\/index.php?rest_route=%2Fwp%2Fv2%2Fcomments&post=35074"}],"version-history":[{"count":3,"href":"https:\/\/jensgustafsson.se\/index.php?rest_route=\/wp\/v2\/posts\/35074\/revisions"}],"predecessor-version":[{"id":35080,"href":"https:\/\/jensgustafsson.se\/index.php?rest_route=\/wp\/v2\/posts\/35074\/revisions\/35080"}],"wp:attachment":[{"href":"https:\/\/jensgustafsson.se\/index.php?rest_route=%2Fwp%2Fv2%2Fmedia&parent=35074"}],"wp:term":[{"taxonomy":"category","embeddable":true,"href":"https:\/\/jensgustafsson.se\/index.php?rest_route=%2Fwp%2Fv2%2Fcategories&post=35074"},{"taxonomy":"post_tag","embeddable":true,"href":"https:\/\/jensgustafsson.se\/index.php?rest_route=%2Fwp%2Fv2%2Ftags&post=35074"}],"curies":[{"name":"wp","href":"https:\/\/api.w.org\/{rel}","templated":true}]}}