{"id":35081,"date":"2025-02-22T18:23:34","date_gmt":"2025-02-22T17:23:34","guid":{"rendered":"https:\/\/jensgustafsson.se\/?p=35081"},"modified":"2025-02-22T18:23:34","modified_gmt":"2025-02-22T17:23:34","slug":"lordag-22-februari-2025","status":"publish","type":"post","link":"https:\/\/jensgustafsson.se\/?p=35081","title":{"rendered":"L\u00f6rdag 22 februari 2025."},"content":{"rendered":"\n<p class=\"has-medium-font-size\"><em>Idag har vi haft en mulen och disig dag, \u00e4nda fram till senare delen av eftermiddagen, d\u00e5 molnt\u00e4cket sprack upp, och solen hann lysa p\u00e5 oss innan den gick ner.<\/em><\/p>\n\n\n\n<p class=\"has-medium-font-size\"><em>S\u00e5 fick vi ocks\u00e5 ett dygn med plusgrader hela tiden. Den l\u00e4gsta temperaturen blev +1,5 grader, och den h\u00f6gsta blev +5,8 grader. Det blev ett trendbrott i temperaturen, efter att vi haft 10 dygn p\u00e5 raken med en dygnsmedeltemperatur under 0 grader, s\u00e5 fick vi nu ett dygn med medeltemperatur \u00f6ver 0 grader. Om nu det milda v\u00e4dret h\u00e5ller i sig, och vi f\u00e5r 6 dygn till med dygnsmedeltemperatur \u00f6ver 0 grader, betyder det att den meteorologiska v\u00e5ren kom till oss idag. Vi f\u00e5r dock v\u00e4nta 6 dygn till och se vad som h\u00e4nder innan vi jublar f\u00f6r mycket. I diagrammet nedan ser vi dygnsmedeltemperaturen<\/em> <em>som vi<\/em> <em>haft i februari s\u00e5 t.o.m. idag.<\/em><\/p>\n\n\n\n<figure class=\"wp-block-image size-large\"><img loading=\"lazy\" decoding=\"async\" width=\"1024\" height=\"486\" src=\"https:\/\/media1.jensgustafsson.se\/2025\/02\/image-42-1024x486.png\" alt=\"\" class=\"wp-image-35082\" srcset=\"https:\/\/media1.jensgustafsson.se\/2025\/02\/image-42-1024x486.png 1024w, https:\/\/media1.jensgustafsson.se\/2025\/02\/image-42-300x142.png 300w, https:\/\/media1.jensgustafsson.se\/2025\/02\/image-42-768x364.png 768w, https:\/\/media1.jensgustafsson.se\/2025\/02\/image-42-500x237.png 500w, https:\/\/media1.jensgustafsson.se\/2025\/02\/image-42.png 1202w\" sizes=\"auto, (max-width: 1024px) 100vw, 1024px\" \/><\/figure>\n\n\n\n<p class=\"has-medium-font-size\"><em>Vinden har varit svag, och kommit mestadels fr\u00e5n sydost.<\/em><\/p>\n\n\n\n<figure class=\"wp-block-image size-large\"><img loading=\"lazy\" decoding=\"async\" width=\"1024\" height=\"794\" src=\"https:\/\/media1.jensgustafsson.se\/2025\/02\/22-feb-2025-7-1024x794.jpg\" alt=\"\" class=\"wp-image-35087\" srcset=\"https:\/\/media1.jensgustafsson.se\/2025\/02\/22-feb-2025-7-1024x794.jpg 1024w, https:\/\/media1.jensgustafsson.se\/2025\/02\/22-feb-2025-7-300x233.jpg 300w, https:\/\/media1.jensgustafsson.se\/2025\/02\/22-feb-2025-7-768x596.jpg 768w, https:\/\/media1.jensgustafsson.se\/2025\/02\/22-feb-2025-7-1536x1192.jpg 1536w, https:\/\/media1.jensgustafsson.se\/2025\/02\/22-feb-2025-7-387x300.jpg 387w, https:\/\/media1.jensgustafsson.se\/2025\/02\/22-feb-2025-7.jpg 1856w\" sizes=\"auto, (max-width: 1024px) 100vw, 1024px\" \/><figcaption class=\"wp-element-caption\"><strong><em>Vid solnedg\u00e5ngen i eftermiddag vid Klobosj\u00f6n.<\/em><\/strong><\/figcaption><\/figure>\n\n\n\n<p><\/p>\n\n\n\n<p><\/p>\n\n\n\n<p class=\"has-medium-font-size\"><em>En sammanfattning fr\u00e5n min v\u00e4derstation, f\u00f6r de senaste 24 timmarna:<\/em><\/p>\n\n\n\n<p class=\"has-medium-font-size\"><em>20250222 kl. 18.00<br \/>Min. temp: 1,5 \u00b0C<br \/>Max. temp: 5,8 \u00b0C<br \/>Min. lufttryck: 1014,6 hPa<br \/>Max. lufttryck: 1019,3 hPa<br \/>Min.luftfuktigh. 82 %<br \/>Max.luftfuktigh. 87 %<br \/>Domin. vindriktn.: Sydostlig<br \/>Maxvind: 4 m\/s.<br \/>Nederb\u00f6rd: 0 mm<br \/>Meteorologisk \u00e5rstid: Vinter<br \/>Kalendarisk \u00e5rstid: Vinterm\u00e5nad 3 av 3<br \/>Sn\u00f6djup: Barmark<\/em><\/p>\n\n\n\n<figure class=\"wp-block-image size-large\"><img loading=\"lazy\" decoding=\"async\" width=\"1024\" height=\"461\" src=\"https:\/\/media1.jensgustafsson.se\/2025\/02\/image-43-1024x461.png\" alt=\"\" class=\"wp-image-35084\" srcset=\"https:\/\/media1.jensgustafsson.se\/2025\/02\/image-43-1024x461.png 1024w, https:\/\/media1.jensgustafsson.se\/2025\/02\/image-43-300x135.png 300w, https:\/\/media1.jensgustafsson.se\/2025\/02\/image-43-768x346.png 768w, https:\/\/media1.jensgustafsson.se\/2025\/02\/image-43-1536x692.png 1536w, https:\/\/media1.jensgustafsson.se\/2025\/02\/image-43-500x225.png 500w, https:\/\/media1.jensgustafsson.se\/2025\/02\/image-43.png 1849w\" sizes=\"auto, (max-width: 1024px) 100vw, 1024px\" \/><figcaption class=\"wp-element-caption\"><strong><em>M\u00e5nadens medeltemperatur \u00e4r t.o.m. idag 0,9 grader kallare&nbsp; j\u00e4mf\u00f6rt mot den normala.<\/em><\/strong><\/figcaption><\/figure>\n\n\n\n<figure class=\"wp-block-image size-large\"><img loading=\"lazy\" decoding=\"async\" width=\"1024\" height=\"529\" src=\"https:\/\/media1.jensgustafsson.se\/2025\/02\/image-44-1024x529.png\" alt=\"\" class=\"wp-image-35085\" srcset=\"https:\/\/media1.jensgustafsson.se\/2025\/02\/image-44-1024x529.png 1024w, https:\/\/media1.jensgustafsson.se\/2025\/02\/image-44-300x155.png 300w, https:\/\/media1.jensgustafsson.se\/2025\/02\/image-44-768x397.png 768w, https:\/\/media1.jensgustafsson.se\/2025\/02\/image-44-500x258.png 500w, https:\/\/media1.jensgustafsson.se\/2025\/02\/image-44.png 1487w\" sizes=\"auto, (max-width: 1024px) 100vw, 1024px\" \/><figcaption class=\"wp-element-caption\"><strong><em>M\u00e5nadens nederb\u00f6rd \u00e4r t.o.m. idag 15 % av den normala.<\/em><\/strong><\/figcaption><\/figure>\n\n\n\n<p><\/p>\n","protected":false},"excerpt":{"rendered":"<p>Idag har vi haft en mulen och disig dag, \u00e4nda fram till senare delen av eftermiddagen, d\u00e5 molnt\u00e4cket sprack upp, och solen hann lysa p\u00e5 oss innan den gick ner. S\u00e5 fick vi ocks\u00e5 ett dygn med plusgrader hela tiden. &hellip; <a href=\"https:\/\/jensgustafsson.se\/?p=35081\">Forts\u00e4tt l\u00e4sa <span class=\"meta-nav\">&rarr;<\/span><\/a><\/p>\n","protected":false},"author":1,"featured_media":0,"comment_status":"closed","ping_status":"","sticky":false,"template":"","format":"standard","meta":{"footnotes":""},"categories":[10],"tags":[],"class_list":["post-35081","post","type-post","status-publish","format-standard","hentry","category-vaderdagbok-2013"],"_links":{"self":[{"href":"https:\/\/jensgustafsson.se\/index.php?rest_route=\/wp\/v2\/posts\/35081","targetHints":{"allow":["GET"]}}],"collection":[{"href":"https:\/\/jensgustafsson.se\/index.php?rest_route=\/wp\/v2\/posts"}],"about":[{"href":"https:\/\/jensgustafsson.se\/index.php?rest_route=\/wp\/v2\/types\/post"}],"author":[{"embeddable":true,"href":"https:\/\/jensgustafsson.se\/index.php?rest_route=\/wp\/v2\/users\/1"}],"replies":[{"embeddable":true,"href":"https:\/\/jensgustafsson.se\/index.php?rest_route=%2Fwp%2Fv2%2Fcomments&post=35081"}],"version-history":[{"count":4,"href":"https:\/\/jensgustafsson.se\/index.php?rest_route=\/wp\/v2\/posts\/35081\/revisions"}],"predecessor-version":[{"id":35089,"href":"https:\/\/jensgustafsson.se\/index.php?rest_route=\/wp\/v2\/posts\/35081\/revisions\/35089"}],"wp:attachment":[{"href":"https:\/\/jensgustafsson.se\/index.php?rest_route=%2Fwp%2Fv2%2Fmedia&parent=35081"}],"wp:term":[{"taxonomy":"category","embeddable":true,"href":"https:\/\/jensgustafsson.se\/index.php?rest_route=%2Fwp%2Fv2%2Fcategories&post=35081"},{"taxonomy":"post_tag","embeddable":true,"href":"https:\/\/jensgustafsson.se\/index.php?rest_route=%2Fwp%2Fv2%2Ftags&post=35081"}],"curies":[{"name":"wp","href":"https:\/\/api.w.org\/{rel}","templated":true}]}}